{"id":4582,"date":"2015-12-01T09:48:26","date_gmt":"2015-12-01T09:48:26","guid":{"rendered":"https:\/\/absd.sk\/?p=4582"},"modified":"2024-07-31T09:36:57","modified_gmt":"2024-07-31T09:36:57","slug":"potencial-spravodajskych-sluzieb-proti-medzinarodnemu-terorizmu","status":"publish","type":"post","link":"https:\/\/absd.sk\/de\/potencial-spravodajskych-sluzieb-proti-medzinarodnemu-terorizmu\/","title":{"rendered":""},"content":{"rendered":"\t\t<div data-elementor-type=\"wp-post\" data-elementor-id=\"4582\" class=\"elementor elementor-4582\">\n\t\t\t\t\t\t<section class=\"elementor-section elementor-top-section elementor-element elementor-element-8c22a81 elementor-section-boxed elementor-section-height-default elementor-section-height-default\" data-id=\"8c22a81\" data-element_type=\"section\">\n\t\t\t\t\t\t<div class=\"elementor-container elementor-column-gap-default\">\n\t\t\t\t\t<div class=\"elementor-column elementor-col-100 elementor-top-column elementor-element elementor-element-b1b8055\" data-id=\"b1b8055\" data-element_type=\"column\">\n\t\t\t<div class=\"elementor-widget-wrap elementor-element-populated\">\n\t\t\t\t\t\t<div class=\"elementor-element elementor-element-065712d elementor-widget elementor-widget-text-editor\" data-id=\"065712d\" data-element_type=\"widget\" data-widget_type=\"text-editor.default\">\n\t\t\t\t<div class=\"elementor-widget-container\">\n\t\t\t\t\t\t\t\t\t<p><strong>Asoci\u00e1cia b\u00fdval\u00fdch spravodajsk\u00fdch d\u00f4stojn\u00edkov spolu s Fakultou pr\u00e1va Paneur\u00f3pskej vysokej \u0161koly v Bratislave usporiadali 1. 12. 2015 u\u017e 9. medzin\u00e1rodn\u00e9 symp\u00f3zium na t\u00e9mu \u201ePotenci\u00e1l spravodajsk\u00fdch slu\u017eieb proti medzin\u00e1rodn\u00e9mu terorizmu&#8221;. Uverej\u0148ujeme refer\u00e1ty, ktor\u00e9 bud\u00fa koncom febru\u00e1ra 2016 vydan\u00e9 v printovej verzii zborn\u00edka.<\/strong><\/p><p>Asoci\u00e1cia b\u00fdval\u00fdch spravodajsk\u00fdch d\u00f4stojn\u00edkov spolu s Fakultou pr\u00e1va Paneur\u00f3pskej vysokej \u0161koly v Bratislave usporiadali 1. 12. 2015 u\u017e 9. medzin\u00e1rodn\u00e9 symp\u00f3zium na t\u00e9mu \u201ePotenci\u00e1l spravodajsk\u00fdch slu\u017eieb proti medzin\u00e1rodn\u00e9mu terorizmu&#8221;. Uverej\u0148ujeme refer\u00e1ty, ktor\u00e9 bud\u00fa koncom febru\u00e1ra 2016 vydan\u00e9 v printovej verzii zborn\u00edka.<\/p><h2>Obsah<\/h2><table><tbody><tr><th><h3>Predslov<\/h3><\/th><\/tr><tr><td>PhDr. Igor Cibula<\/td><\/tr><tr><th><h3>Pr\u00edhovory<\/h3><\/th><\/tr><tr><td>Ing. Pavol Abrhan<\/td><\/tr><tr><th><h3>HLAVN\u00c9 REFER\u00c1TY<\/h3><\/th><\/tr><tr><td>L. Taba: Hrozba terorizmu ako d\u00f4sledok neregulovanej migr\u00e1cie do Eur\u00f3py<\/td><\/tr><tr><td>P. Draxler: N\u00e1stroje a postupy pri n\u00e1bore jednotlivcov do extr\u00e9mistick\u00fdch skup\u00edn v Eur\u00f3pe<\/td><\/tr><tr><td>P. P\u00fa\u010dik: Sv\u011bt isl\u00e1mu, terorist\u00e9 a zpravodajsk\u00e9 slu\u017eby<\/td><\/tr><tr><td>L. Csip\u00e1k: Teroristi pl\u00e1nuj\u00fa \u00fatoky k v\u00fdznamn\u00fdm moslimsk\u00fdm sviatkom<\/td><\/tr><tr><td>G. Busby: V\u00fdzvy a rizik\u00e1, ktor\u00fdm \u010delia spravodajsk\u00e9 slu\u017eby v boji proti terorizmu \u2013 britsk\u00e9 sk\u00fasenosti<\/td><\/tr><tr><td>K. Rand\u00e1k: Hlavn\u00ed faktory ovliv\u0148uj\u00edc\u00ed \u010dinnost zpravodajsk\u00fdch slu\u017eeb v boji proti mezin\u00e1rodn\u00edmu terorismu<\/td><\/tr><tr><td>P. Zeman: Zpravodajci hledaj\u00ed spr\u00e1vn\u00fd protiteroristick\u00fd modus operandi<\/td><\/tr><tr><td>I. Cibula: Slovensko v boji proti medzin\u00e1rodn\u00e9mu terorizmu<\/td><\/tr><tr><th><h3>Z\u00e1very zo symp\u00f3zia<\/h3><\/th><\/tr><\/tbody><\/table><hr \/><h2>Predslov<\/h2><p>T\u00e9ma 9. medzin\u00e1rodn\u00e9ho symp\u00f3zia, ktor\u00fa 1. decembra 2015 zorganizovali Asoci\u00e1cia b\u00fdval\u00fdch spravodajsk\u00fdch d\u00f4stojn\u00edkov v spolupr\u00e1ci Fakultou pr\u00e1va Paneur\u00f3pskej vysokej \u0161koly v Bratislave, bola v\u00fdrazne akcentovan\u00e1 t\u00fdm, \u010do sa stalo kr\u00e1tko predt\u00fdm &#8211; 13. novembra &#8211; v Par\u00ed\u017ei. Ako organiz\u00e1tori symp\u00f3zia sme tieto tragick\u00e9 udalosti nepredv\u00eddali, ale problematiku boja proti medzin\u00e1rodn\u00e9mu terorizmu sme pova\u017eovali u\u017e ove\u013ea sk\u00f4r za bezprostredne ak\u00fatnu a naliehav\u00fa z h\u013eadiska z\u00e1ujmov spravodajskej komunity, ktor\u00e1 sa nevenuje len aktu\u00e1lnemu spolo\u010densk\u00e9mu dianiu, ale aj potenci\u00e1lnym bezpe\u010dnostn\u00fdm rizik\u00e1m. U\u017e za\u010diatkom janu\u00e1ra 2015 bola Eur\u00f3pa svedkom teroristick\u00e9ho \u00fatoku na par\u00ed\u017esku redakciu Charlie Hebdo, pri ktorom zomrelo dvan\u00e1s\u0165 \u013eud\u00ed. Okrem toho prich\u00e1dzali znepokojuj\u00face spr\u00e1vy o situ\u00e1cii v tzv. Go-No-Zones vo Franc\u00fazsku a v niektor\u00fdch \u010fal\u0161\u00edch krajin\u00e1ch z\u00e1padnej Eur\u00f3py, ako aj inform\u00e1cie o teroristick\u00fdch akci\u00e1ch v in\u00fdch kon\u010din\u00e1ch sveta. Pod\u013ea n\u00e1s viacer\u00e9 sympt\u00f3my pri spravodajskej anal\u00fdze pomerov na kontinente nasved\u010dovali tomu, \u017ee teroristick\u00e9 podhubie v Eur\u00f3pe re\u00e1lne existuje a potenci\u00e1lne hrozby prib\u00fadaj\u00fa.<\/p><p>Napriek tomu, \u017ee protiteroristick\u00e1 problematika je v s\u00fa\u010dasnosti denno-denne pertraktovan\u00e1 v m\u00e9di\u00e1ch, nemo\u017eno s uspokojen\u00edm akceptova\u0165 n\u00e1zory tak\u00fdmto sp\u00f4sobom prezentovan\u00e9 verejnosti ako primerane vysvet\u013euj\u00face podstatn\u00e9 aspekty protiteroristick\u00e9ho boja a \u00falohu spravodajsk\u00fdch slu\u017eieb v tomto boji. Politici a tie\u017e novin\u00e1ri iba povrchne a zjednodu\u0161ene na\u010drt\u00e1vaj\u00fa pr\u00ed\u010diny a s\u00favislosti aktu\u00e1lneho diania. Kv\u00f4li objekt\u00edvnej a vecnej reflexii sa b\u00fdval\u00ed \u0161\u00e9fovia spravodajsk\u00fdch slu\u017eieb, bezpe\u010dnostn\u00ed experti a analytici pok\u00fasili na symp\u00f3ziu kompetentne vysvet\u013eova\u0165 n\u00e1ro\u010dnos\u0165 a zlo\u017eitos\u0165 boja proti medzin\u00e1rodn\u00e9mu terorizmu. Predov\u0161etk\u00fdm i\u0161lo o to, aby sa profesion\u00e1one objasnili mo\u017enosti protiteroristickej strat\u00e9gie a efekt\u00edvnos\u0165 n\u00e1strojov spravodajsk\u00fdch slu\u017eieb, ktor\u00fdmi disponuj\u00fa v boji proti terorizmu. Uveden\u00e9 ot\u00e1zky zauj\u00edmaj\u00fa v\u0161etk\u00fdch, ktor\u00fdm medzin\u00e1rodn\u00fd terorizmus priamo alebo aj nepriamo zasahuje do \u017eivota.<\/p><p>V\u00fdmena n\u00e1zorov na symp\u00f3ziu bola otvoren\u00e1 a \u00faprimn\u00e1. Pozornos\u0165 si zasl\u00fa\u017ei n\u00e1zor b\u00fdval\u00e9ho riadite\u013ea \u010deskej rozviedky Karla Rand\u00e1ka, \u017ee z\u00e1kladom strat\u00e9gie spravodajsk\u00fdch slu\u017eieb v boji proti terorizmu \u201eby mala ,by\u0165 kontrola \u0161\u00edrenia terorizmu a r\u00f4zne met\u00f3dy odstra\u0161enia\u201c. Vy\u017eaduje si to prekona\u0165 existuj\u00face stereotypy v ch\u00e1pan\u00ed boja proti medzin\u00e1rodn\u00e9mu terorizmu a cie\u013eavedome vyu\u017e\u00edva\u0165 modern\u00e9 technol\u00f3gie na z\u00edskavanie inform\u00e1ci\u00ed, ktor\u00e9 klad\u00fa nov\u00e9 po\u017eiadavky na spravodajsk\u00e9 slu\u017eby, ich technick\u00fa vybavenos\u0165 a odborn\u00fa zdatnos\u0165 pr\u00edslu\u0161n\u00edkov spravodajsk\u00fdch slu\u017eieb. Spravodajsk\u00fa slu\u017eby nevysta\u010dia s konzervat\u00edvnymi modelmi vyu\u017e\u00edvania \u013eudsk\u00fdch zdrojov, ale potrebuj\u00fa pracova\u0165 s n\u00e1strojmi digit\u00e1lneho sveta. Digit\u00e1lna revol\u00facia zasiahla do spravodajskej \u010dinnosti rovnako radik\u00e1lne ako do in\u00fdch \u013eudsk\u00fdch profesi\u00ed; pr\u00e1ve preto po\u010d\u00edtajme s t\u00fdm, \u017ee na\u0161i protivn\u00edci s\u00fa v tej sf\u00e9re rovnocenn\u00fdmi partnermi.<\/p><p>V takomto kontexte je osobitne d\u00f4le\u017eit\u00e9 spomen\u00fa\u0165 masov\u00fd zber digit\u00e1lne pren\u00e1\u0161an\u00fdch inform\u00e1ci\u00ed, ktor\u00fd pod\u013ea b\u00fdval\u00e9ho riadite\u013ea \u010deskej rozviedky Petra Zemana m\u00f4\u017ee \u00fa\u010dinne pom\u00e1ha\u0165 pri monitorovan\u00ed etnick\u00fdch usadl\u00edkov v Eur\u00f3pe, potenci\u00e1lne podliehaj\u00facich vplyvu islamistick\u00fdch d\u017eihadistov. V tejto s\u00favislosti je in\u0161piruj\u00faci n\u00e1vrh vytvori\u0165 kontroln\u00fa in\u0161tit\u00faciu komis\u00e1rov, ktor\u00ed by v spravodajsk\u00fdch slu\u017eb\u00e1ch vykon\u00e1vali opakovane a vopred neohl\u00e1sen\u00e9 kontroly vyu\u017e\u00edvania nazbieran\u00fdch d\u00e1t. Pon\u00fakan\u00e9 rie\u0161enie by mohlo obnovi\u0165 na\u0161trben\u00fa d\u00f4veru verejnosti k spravodajsk\u00fdm slu\u017eb\u00e1m.<\/p><p>Refer\u00e1ty \u00fa\u010dastn\u00edkov symp\u00f3zia potvrdili fakt, \u017ee spravodajsk\u00e9 a bezpe\u010dnostn\u00e9 \u0161trukt\u00fary disponuj\u00fa bohat\u00fdmi sk\u00fasenos\u0165ami z boja proti medzin\u00e1rodn\u00e9mu terorizmu. Aktu\u00e1lnym probl\u00e9mom je v\u0161ak nez\u00e1ujem alebo neochota politikov radi\u0165 sa so spravodajsk\u00fdmi \u0161pecialistami a re\u0161pektova\u0165 ich n\u00e1vrhy a odpor\u00fa\u010dania. Politick\u00e9 elity nie raz iba povrchne a konjuktur\u00e1lne diskutuj\u00fa s odborn\u00edkmi, ktor\u00ed d\u00f4verne poznaj\u00fa problematiku potenci\u00e1lnych teroristick\u00fdch hrozieb a n\u00e1stroje kontraterorizmu. Aktivity spravodajsk\u00fdch slu\u017eieb by nemali by\u0165 v tieni spolo\u010densk\u00e9ho z\u00e1ujmu, aj ke\u010f s\u00fa to uzavret\u00e9 organiz\u00e1cie. Diskusia na symp\u00f3ziu potvrdila n\u00e1zor, \u017ee efekt\u00edvnej\u0161ie fungovanie spravodajsk\u00fdch slu\u017eieb v boji proti medzin\u00e1rodn\u00e9mu terorizmu si vy\u017eaduje kompetentnej\u0161\u00ed pr\u00edstup politikov, ale aj porozumenie verejnosti pre \u010dinnos\u0165 spravodajsk\u00fdch slu\u017eieb.<\/p><div>\u00a0<\/div><div><p>PhDr. Igor Cibula,<br \/>predseda Asoci\u00e1cie b\u00fdval\u00fdch spravodajsk\u00fdch d\u00f4stojn\u00edkov<\/p><\/div><div>\u00a0<\/div><hr \/><h2>Pr\u00edhovor<\/h2><p>V\u00e1\u017een\u00fd p\u00e1n dekan, v\u00e1\u017een\u00e9 d\u00e1my, v\u00e1\u017een\u00ed p\u00e1ni !<\/p><p>V\u00e1\u0161 medzin\u00e1rodn\u00fd semin\u00e1r sa kon\u00e1 pr\u00e1ve v \u010dase, ke\u010f cel\u00e1 Eur\u00f3pa &#8211; ba mo\u017eno poveda\u0165 bez zveli\u010denia, \u017ee cel\u00fd svet \u2013 \u017eije tragick\u00fdmi udalos\u0165ami, ktor\u00e9 sa odohrali pred dvomi t\u00fd\u017ed\u0148ami v Par\u00ed\u017ei. Eur\u00f3pa \u017eije v obav\u00e1ch, \u010di tragick\u00e9 udalosti sa nebud\u00fa opakova\u0165 v inej \u010dasti eur\u00f3pskeho kontinentu; stratili sme ka\u017edodenn\u00fa istotu pokojn\u00e9ho v\u0161edn\u00e9ho d\u0148a \u2013 ba s ned\u00f4verou h\u013ead\u00edme na migrantov, ktor\u00ed prich\u00e1dzaj\u00fa do Eur\u00f3py, aby tu h\u013eadali z\u00e1chranu pred terorom islamsk\u00fdch teroristov a soci\u00e1lnu perspekt\u00edvu a istotu, ktor\u00fa stratili vo svojich krajin\u00e1ch su\u017eovan\u00fdch vojnou a sprievodn\u00fdmi katastrofami. Mnoh\u00fdch v Eur\u00f3pe sa zmoc\u0148uje obava, \u017ee terorizmus sa udom\u00e1cnil na prahu n\u00e1\u0161ho domova a zneis\u0165uje na\u0161u bezpe\u010dn\u00fa bud\u00facnos\u0165. Spoliehame sa na na\u0161e vl\u00e1dy, \u017ee pou\u017eij\u00fa v\u0161etky prostriedky, aby predi\u0161li a zabr\u00e1nili teroristickej hrozbe, ktor\u00e1 niekedy ohrozuje \u013eudsk\u00e9 \u017eivoty brut\u00e1lnej\u0161ie ako pr\u00edrodn\u00fd \u017eivel, lebo pr\u00edrodn\u00fd \u017eivel dok\u00e1\u017ee \u010dlovek predv\u00edda\u0165.<\/p><p>Va\u0161e podujatie pova\u017eujem za v\u00fdznamn\u00fd pr\u00edspevok k v\u0161eobecn\u00e9mu \u00fasiliu nenecha\u0165 sa teroristick\u00fdmi aktivitami zasko\u010den\u00fd, nepripraven\u00fd. Deviate medzin\u00e1rodn\u00e9 symp\u00f3zium o potenci\u00e1le spravodajsk\u00fdch slu\u017eieb proti medzin\u00e1rodn\u00e9mu terorizmu vytv\u00e1ra priestor na v\u00fdmenu n\u00e1zorov, ako zapoji\u0165 spravodajsk\u00e9 spolo\u010denstvo do z\u00e1pasu s teroristick\u00fdmi rizikami a kde koncentrova\u0165 sily a prostriedky, aby teroristi nedosiahli svoje strategick\u00e9 ciele. Sk\u00fasen\u00ed spravodajsk\u00ed d\u00f4stojn\u00edci, bezpe\u010dnostn\u00ed experti a analytici maj\u00fa pr\u00edle\u017eitos\u0165 na\u010drtn\u00fa\u0165 rie\u0161enia a uvies\u0165 prostriedky, ktor\u00e9 prispej\u00fa k tomu, aby nebezpe\u010denstvo terorizmu bolo eliminovan\u00e9 a zbaven\u00e9 potenci\u00e1lu vra\u017edi\u0165 a zab\u00edja\u0165. Pochopite\u013ene, \u017ee nikto neo\u010dak\u00e1va, \u017ee proces boja proti terorizmu bude jednoduch\u00fd a kr\u00e1tky proces. Treba v\u0161ak postupova\u0165 systematicky, d\u00f4razne a prezieravo!<\/p><p>Za pozit\u00edvum pova\u017eujem fakt, \u017ee na symp\u00f3ziu vyst\u00fapi p\u00e1n George Busby, ktor\u00fd bude hovori\u0165 o v\u00fdzvach a rizik\u00e1ch, ktor\u00fdm \u010delia v boji proti terorizmu spravodajsk\u00e9 slu\u017eby vo Ve\u013ekej Brit\u00e1nii. Britsk\u00e9 sk\u00fasenosti si na Slovensku osobitne cen\u00edme, preto\u017ee ich pova\u017eujeme za na\u0161ich v\u00fdznamn\u00fdch partnerov. S rovnak\u00fdm z\u00e1ujmom o\u010dak\u00e1vame vyst\u00fapenia b\u00fdval\u00fdch \u0161\u00e9fov \u010deskej rozviedky Karla Rand\u00e1ka a Petra Zemana o efektivite spravodajsk\u00fdch slu\u017eieb v boji proti terorizmu a o h\u013eadan\u00ed protiteroristick\u00e9ho modus operandi. Partneri zo zahrani\u010dia prin\u00e1\u0161aj\u00fa na tohtoro\u010dn\u00e9 symp\u00f3zium bohat\u00fa n\u00e1dielku, ktor\u00e1 je nielen podnetom na prem\u00fd\u0161\u013eanie, ale poskytuje aj in\u0161pir\u00e1ciu k vlastn\u00fdm n\u00e1padom a postupom.<\/p><p>Organiz\u00e1tori 9. medzin\u00e1rodn\u00e9ho symp\u00f3zia preuk\u00e1zali naozaj vysok\u00fa mieru predv\u00eddavosti, ak uv\u00e1\u017eime fakt, \u017ee iba pred dvoma t\u00fd\u017ed\u0148ami do\u0161lo k teroristick\u00fdm \u00fatokom vo Franc\u00fazku. I ke\u010f organiz\u00e1tori priamo nepredv\u00eddali tragick\u00e9 udalosti 13. novembra v Par\u00ed\u017ei, na\u010dasovanie term\u00ednu symp\u00f3zia dokazuje, \u017ee pozorne sleduj\u00fa spolo\u010densk\u00fd v\u00fdvoj a reflektuj\u00fa potenci\u00e1lne bezpe\u010dnostn\u00e9 rizik\u00e1. Zasl\u00fa\u017eia si uznanie, \u017ee zorganizovali symp\u00f3zium v \u010dase, ke\u010f jeho t\u00e9ma je v\u00fdsostne aktu\u00e1lna. Kie\u017e by tak prezieravo reagovali a konali aj na\u0161e ofici\u00e1lne bezpe\u010dnostn\u00e9 \u0161trukt\u00fary!<\/p><p>Chcem podotkn\u00fa\u0165, \u017ee v boji proti medzin\u00e1rodn\u00e9mu terorizmu zohr\u00e1vaj\u00fa d\u00f4le\u017eit\u00fa \u00falohu nielen spravodajsk\u00e9 slu\u017eby, ale aj ostatn\u00e9 bezpe\u010dnostn\u00e9 \u0161trukt\u00fary \u0161t\u00e1tu. Na prvom mieste si zasl\u00fa\u017eia spomen\u00fa\u0165 v\u0161etky zlo\u017eky pol\u00edcie, ktor\u00e1 je tak povediac v prvej l\u00ednii boja proti medzin\u00e1rodn\u00e9mu terorizmu. Pr\u00e1ve tu treba pripomen\u00fa\u0165, \u017ee \u00fa\u010dinnos\u0165 policajn\u00e9ho z\u00e1pasu s medzin\u00e1rodn\u00fdm terorizmom si vy\u017eaduje maxim\u00e1lnu s\u00fahru a koordin\u00e1ciu so spravodajsk\u00fdmi slu\u017ebami. Efekt\u00edvne prepojenie a komunik\u00e1cia spravodajsk\u00fdch a bezpe\u010dnostn\u00fdch \u0161trukt\u00far je jedinou spo\u013eahlivo z\u00e1rukou, \u017ee z\u00e1pas s medzin\u00e1rodn\u00fdm terorizmom prinesie tak\u00e9 v\u00fdsledky, ako spolo\u010dnos\u0165 o\u010dak\u00e1va.<\/p><p>V\u00e1\u017een\u00e9 d\u00e1my, v\u00e1\u017een\u00ed p\u00e1ni!<\/p><p>Fakulta pr\u00e1va Paneur\u00f3pskej vysokej \u0161koly v Bratislave pred rokom osl\u00e1vila desiate v\u00fdro\u010die svojej existencie. Mysl\u00edm si, \u017ee do vienka jej pozit\u00edvnych aktiv\u00edt patr\u00ed aj toto symp\u00f3zium, ktor\u00e9 u\u017e po deviaty raz organizuje Asoci\u00e1cia b\u00fdval\u00fdch spravodajsk\u00fdch d\u00f4stojn\u00edkov v spolupr\u00e1ci s touto vysokou \u0161kolou. Je to jedin\u00e9 pravideln\u00e9 medzin\u00e1rodn\u00e9 f\u00f3rum, kde sa stret\u00e1vaj\u00fa b\u00fdval\u00ed \u0161\u00e9fovia spravodajsk\u00fdch slu\u017eieb, bezpe\u010dnostn\u00ed experti a publicisti, ktor\u00ed pred verejnos\u0165ou otv\u00e1raj\u00fa probl\u00e9my, ktor\u00fdmi \u017eije spravodajsk\u00e1 komunita. Svojim v\u00fdznamom tieto symp\u00f3zia prekra\u010duj\u00fa r\u00e1mec \u0161koly a poskytuj\u00fa pr\u00edle\u017eitos\u0165 prenikn\u00fa\u0165 do tajomstiev tzv. spravodajskej kuchyne. Tak\u00fdmto sp\u00f4sobom nielen b\u00faraj\u00fa m\u00fdty o tajn\u00fdch slu\u017eb\u00e1ch, ale pom\u00e1haj\u00fa \u0161irokej verejnosti porozumie\u0165 zlo\u017eitostiam zo z\u00e1kulisia spravodajsk\u00fdch slu\u017eieb.<\/p><p>Za to patr\u00ed v\u010faka Asoci\u00e1cii b\u00fdval\u00fdch spravodajsk\u00fdch d\u00f4stojn\u00edkov a Fakulte pr\u00e1va Paneur\u00f3pskej vysokej \u0161koly, ktor\u00e1 aktivity ABSD podporuje. Zasl\u00fa\u017ei si tie\u017e pozornos\u0165 fakt, \u017ee na tejto \u0161kole ako jedinej na Slovensku m\u00f4\u017ee \u0161tudenti absolvova\u0165 v\u00fdberov\u00fd predmet Spravodajsk\u00e9 slu\u017eby.<\/p><p>Na z\u00e1ver si dovol\u00edm za\u017eela\u0165 v\u00e1m \u00faspe\u0161n\u00fd priebeh symp\u00f3zia a prajem v\u00e1m, aby ste v za\u010datej trad\u00edcii \u00faspe\u0161ne pokra\u010dovali!<\/p><div>\u00a0<\/div><div><p>Ing. Pavol Abrhan,<br \/>predseda Osobitn\u00e9ho kontroln\u00e9ho v\u00fdboru<br \/>N\u00e1rodnej rady Slovenskej republiky<br \/>na kontrolu \u010dinnosti Slovenskej informa\u010dnej slu\u017eby<\/p><\/div><div>\u00a0<\/div><hr \/><h2>L. Taba: Hrozba terorizmu ako d\u00f4sledok neregulovanej migr\u00e1cie do Eur\u00f3py<\/h2><p>Lajos Taba\u00a0(1952) \u2013 Po \u0161t\u00fadiu na Vysokej \u0161kole chemicko-technologickej v Pardubiciach v odbore: Ch\u00e9mia a technol\u00f3gia v\u00fdbu\u0161n\u00edn a raketov\u00fdch pal\u00edv v roku 1974 nast\u00fapil do slu\u017eieb ministerstva vn\u00fatra v Budape\u0161ti, kde p\u00f4sobil ako expert, tlmo\u010dn\u00edk a nesk\u00f4r d\u00f4stojn\u00edk operat\u00edvy. V obdob\u00ed 1985-1990 bol ma\u010farsk\u00fdm konzulom v Prahe, potom do roku 1994 v Bratislave. Bol prvn\u00fdm sty\u010dn\u00fdm d\u00f4stojn\u00edkom medzi ma\u010farsk\u00fdmi a slovensk\u00fdmi spravodajsk\u00fdmi slu\u017ebami. Po n\u00e1vrate do Budape\u0161ti zast\u00e1val funkciu \u0161\u00e9fa N\u00e1rodno-bezpe\u010dnostnej analytickej skupiny na \u00darade vl\u00e1dy MR a nesk\u00f4r pracoval ako diplomat (Istanbul, Sarajevo).<\/p><p>V\u0161etci sme svedkami toho, \u017ee ileg\u00e1lna (neregulovan\u00e1) migr\u00e1cia vtrhla ne\u010dakane do \u017eivota Eur\u00f3py. \u017diadosti ileg\u00e1lnych migrantov o azyl v Ma\u010farsku dosiahli v roku 2012 po\u010det 2 157 os\u00f4b, v roku 2013 ich bolo 18 000 a v roku 2014 sa tento po\u010det zv\u00fd\u0161il na 42 777 os\u00f4b, \u010do je zrejm\u00e1 rastov\u00e1 tendencia. V\u00fdrazne ve\u013ek\u00fa \u010das\u0165 t\u00fdch, ktor\u00e9 \u017eiadali o azyl, tvorili ekonomick\u00ed ute\u010denci.<\/p><p>Do marca tohto roku u\u017e vy\u0161e tridsa\u0165tis\u00edc t\u00fdch, ktor\u00ed ileg\u00e1lne prekro\u010dili zelen\u00fa hranicu medzi Srbskom a Ma\u010farskom, podali si \u017eiados\u0165 o azyl (dokonca roku 2015 to m\u00f4\u017ee dosiahnu\u0165 po\u010det 200 000 os\u00f4b). Zmenilo sa n\u00e1rodnostn\u00e9 zlo\u017eenie \u017eiadate\u013eov o azyl: z Afganistanu je to vy\u0161e 20 %, zo S\u00fdrie 16 %, celkov\u00fd po\u010det \u017eiadate\u013eov o azyl sa t\u00fdka ob\u010danov 79 kraj\u00edn. Pre \u017eiadate\u013eov bolo spolo\u010dn\u00e9 to, \u017ee takmer v\u0161etci pri\u0161li do Ma\u010farska po trase: Turecko \u2013 Gr\u00e9cko \u2013 Maced\u00f3nsko \u2013 Srbsko \u2013 Ma\u010farsko; v \u017eiadosti zd\u00f4vod\u0148ovali svoj pr\u00edchod vojnou v S\u00fdrii. S\u00fa\u010dasne s t\u00fdm sa e\u0161te v\u00e4\u010d\u0161\u00ed tlak migrantov prejavil cez Stredozemn\u00e9 more na Taliansko a \u0160panielsko. M\u00f4\u017eeme kon\u0161tatova\u0165, \u017ee to u\u017e nie je ute\u010deneck\u00e1 vlna, ale sk\u00f4r riaden\u00e1 n\u00e1tlakov\u00e1 inv\u00e1zia migrantov.<\/p><p>Hoci analytici u\u017e v minul\u00fdch rokoch spom\u00ednali mo\u017enos\u0165, \u017ee sa zintenz\u00edvni ileg\u00e1lna migr\u00e1cia, (prof. Kelly M. Greenhillov\u00e1 vo svojej knihe Zbra\u0148 masovej migr\u00e1cie, u\u017e v roku 2011 upozornila na toto nebezpe\u010denstvo ), ale v skuto\u010dnosti nebolo dos\u0165 konkr\u00e9tnych inform\u00e1ci\u00ed, ktor\u00e9 by avizovali tak\u00fdto v\u00fdvoj. Ka\u017ed\u00e1 anal\u00fdza uv\u00e1dzala do s\u00favislosti n\u00e1stup vlny ileg\u00e1lnej migr\u00e1cie s Islamsk\u00fdm \u0161t\u00e1tom, ale nikto nevedel poskytn\u00fa\u0165 o tom konkr\u00e9tne d\u00f4kazy. Faktom v\u0161ak je, \u017ee u\u017e \u0161tyri mesiace po africk\u00fdch udalostiach bolo vidie\u0165, \u017ee mnoh\u00ed sa vydali na cestu.<\/p><p>V marci po\u010det t\u00fdch, ktor\u00ed v Ma\u010farsku prekro\u010dili zelen\u00fa hranicu, dosiahol za kr\u00e1tke obdobie po\u010det 100 os\u00f4b za de\u0148, nesk\u00f4r u\u017e 500 os\u00f4b denne. Ma\u010farsk\u00e1 pohrani\u010dn\u00e1 str\u00e1\u017e, syst\u00e9my zaoberaj\u00face sa cudzincami, pol\u00edcia a slu\u017eby i registra\u010dn\u00fd syst\u00e9m prakticky zlyhali; tak\u00e9to po\u010dty u\u017e nedok\u00e1zali zvl\u00e1dnu\u0165. Prostriedky, ktor\u00e9 mali k dispoz\u00edcii, uk\u00e1zali sa ako nedostato\u010dn\u00e9 a predov\u0161etk\u00fdm bruselsk\u00e9 a ma\u010farsk\u00e9 pr\u00e1vne normy br\u00e1nili zavedeniu \u00fa\u010dinnej\u0161\u00edch opatren\u00ed a nasadeniu arm\u00e1dy. V\u00fdsledkom bolo to, \u017ee ute\u010denci zaplavili Budape\u0161\u0165 a potom aj ulice Seged\u00ednu.<\/p><p>Prv\u00e9 pou\u010denie, ktor\u00e9 m\u00f4\u017eeme odvodi\u0165 z t\u00fdchto udalost\u00ed, je tak\u00e9, \u017ee nebol dostatok inform\u00e1ci\u00ed. Ma\u010farsk\u00e9 spravodajsk\u00e9 slu\u017eby, ale ani spriatelen\u00e9 slu\u017eby nedisponovali hlb\u0161\u00edmi inform\u00e1ciami. Prv\u00e9 poznatky sa mohli definova\u0165 na z\u00e1klade pozorovan\u00ed a spravodajstva vyslan\u00fdch novin\u00e1rov.<\/p><p>S\u00fa\u010dasne so stup\u0148ovan\u00edm chaosu sa pred analytikmi vynorili obrysy d\u00f4kladne pripravenej a ve\u013emi dobre organizovanej akcie. Na d\u00f4va\u017eok Islamsk\u00fd \u0161t\u00e1t, ako hlavn\u00fd organiz\u00e1tor, tesne spolupracoval so zlo\u010dineck\u00fdmi bandami pa\u0161er\u00e1kov \u013eud\u00ed. Pozn\u00e1me pr\u00edklad zo svetovej tla\u010de, ke\u010f verejne popravili 10 \u013eud\u00ed a potom \u201ediv\u00e1kom\u201c pon\u00fakali mo\u017enos\u0165, \u017ee ke\u010f zaplatia v\u00fdkupn\u00e9, v takom pr\u00edpade m\u00f4\u017eu emigrova\u0165. Skoro v\u0161etci opustili svoje domovy. \u010cinnos\u0165 organiz\u00e1torov cesty ute\u010dencov pred humanit\u00e1rnou katastrofou sa prepojila s pa\u0161er\u00e1kmi a tieto bandy spolu s organiz\u00e1tormi sa dostali u\u017e po\u010das nieko\u013ek\u00fdch t\u00fd\u017ed\u0148ov k v\u00fdznamn\u00fdm finan\u010dn\u00fdm pr\u00edjmom.<\/p><p>Prv\u00e9 podstatn\u00e9 inform\u00e1cie poch\u00e1dzali od novin\u00e1rov sprev\u00e1dzaj\u00facich ute\u010dencov, pri\u010dom pohyb novin\u00e1rov kontrolovali a vedome ich ,,pozicionovali\u201d. Mohli si pozrie\u0165 iba ur\u010dit\u00e9 miesta, hovori\u0165 iba s ur\u010dit\u00fdmi \u013eu\u010fmi. Z anal\u00fdz vyplynulo to, \u017ee organiz\u00e1tori cie\u013eavedome zabudovali do svojej akcie psychologick\u00e9 prvky. Usmer\u0148ovali novin\u00e1rov tak, aby ukazovali, ak\u00e1 je nap\u00e4t\u00e1 situ\u00e1cia, ko\u013eko \u013eud\u00ed sa chyst\u00e1 na cestu do Eur\u00f3py a ko\u013ek\u00ed \u010dakaj\u00fa na mo\u017enos\u0165 odcestova\u0165.<\/p><p>Jednozna\u010dne sa uk\u00e1zalo, \u017ee ute\u010denci s\u00fa manipulovan\u00ed, vedome ich zav\u00e1dzali, poskytli im falo\u0161n\u00e9 inform\u00e1cie. Podarilo sa dosiahnu\u0165, \u017ee rozv\u00e1\u0161nen\u00e1 ,,masa\u201d manipulovan\u00fdch migrantov poslu\u0161ne nasledovala \u201ezhora\u201c prich\u00e1dzaj\u00face rozkazy. Obyvatelia ute\u010deneck\u00fdch t\u00e1borov odmietli spolupr\u00e1cu s org\u00e1nmi spravuj\u00facimi t\u00e1bory. Zd\u00f4raz\u0148ovali iba svoje pr\u00e1va a masa migrantov sa stala prakticky nezvl\u00e1dnute\u013en\u00e1; postupne sa radikalizovala a nakoniec n\u00e1silne postupovala vo\u010di policajtom. Zauj\u00edmav\u00e9 je zistenie, \u017ee v\u00e4\u010d\u0161ina organiz\u00e1torov demon\u0161tr\u00e1ci\u00ed a t\u00fdch, ktor\u00ed ud\u00e1vali t\u00f3n, nepri\u0161la s ute\u010dencami pe\u0161i, ale letecky sa dopravili do Eur\u00f3py a a\u017e tu sa pripojili k migrantom. Zrazu sa zjavili s megaf\u00f3nmi v ruk\u00e1ch a po akcii zmizli.<\/p><p>Hlavn\u00fd organiz\u00e1tor \u00fatoku proti policajtom na hrani\u010dnom priechode R\u00f6szke &#8211; 39-ro\u010dn\u00fd S\u00fdr\u010dan Ahmed H. Tablighi utiekol po \u00fatoku na \u00fazemie Srbska. O dva dni nesk\u00f4r ho identifikoval pod\u013ea fotografie a zatkli na stanici v Gy\u0151ri &#8211; 350 kilometrov od srbsko-ma\u010farskej hranice. Okrem vlastn\u00e9ho pasu mal pri sebe osem \u010fal\u0161\u00edch s\u00fdrskych pasov, ka\u017ed\u00fd na in\u00e9 meno a v ka\u017edom bolo schengensk\u00e9 v\u00edzum. \u017dije na Cypre, kde m\u00e1 pracovn\u00e9 povolenie, podnik\u00e1 so svojou ryb\u00e1rskou lo\u010fou, vlastn\u00ed p\u00e4\u0165 automobilov a teraz sa chyst\u00e1 postavi\u0165 si dom za 90 tis\u00edc eur. Je \u017eenat\u00fd. Cypersk\u00e9 org\u00e1ny v\u0161ak odmietli jeho \u017eiados\u0165 o poskytnutie \u0161t\u00e1tneho ob\u010dianstva. Spriatelen\u00e9 slu\u017eby ho poznaj\u00fa pod menom J\u00e1sir, je \u010dlenom islamsk\u00e9ho fundamentalistick\u00e9ho hnutia Jamaat-e-Islami (Zv\u00e4z pre \u0161\u00edrenie viery). Jeho \u00falohu e\u0161te sk\u00famaj\u00fa pr\u00edslu\u0161n\u00e9 bezpe\u010dnostn\u00e9 org\u00e1ny.<\/p><p>Vypo\u010d\u00favanie migrantov neprin\u00e1\u0161a ve\u013ea v\u00fdsledkov, preto\u017ee nespolupracuj\u00fa s pr\u00edslu\u0161n\u00fdmi org\u00e1nmi; na ni\u010d sa nepam\u00e4taj\u00fa, nevedia pop\u00edsa\u0165 organiz\u00e1torov cesty, \u010dasto ani nevedia, v akej krajine sa nach\u00e1dzaj\u00fa. \u013dudia oklaman\u00ed pa\u0161er\u00e1kmi predsa v\u0161ak len posl\u00fa\u017eili u\u017eito\u010dn\u00fdmi inform\u00e1ciami. Vyrozpr\u00e1vali v\u0161etko o tom, kde a kto organizoval cestu, ko\u013eko museli za \u0148u zaplati\u0165, ak\u00e9 pokyny dostali a \u010do bol d\u00f4vod, \u017ee sa vydali na cestu.<\/p><p>Pr\u00ed\u010diny s\u00fa dos\u0165 r\u00f4znorod\u00e9 a zlo\u017eit\u00e9, ale pre osud ka\u017ed\u00e9ho je spolo\u010dn\u00e9 to, \u017ee svoje domovy museli opusti\u0165, lebo sa norm\u00e1lny \u017eivot stal nemo\u017en\u00fd vzh\u013eadom na \u00fatoky Islamsk\u00e9ho \u0161t\u00e1tu ( a tie\u017e aj kv\u00f4li konfliktnej situ\u00e1cie v ich krajin\u00e1ch); v skuto\u010dnosti utekaj\u00fa kv\u00f4li z\u00e1chrane svojho \u017eivota. Alebo preto, \u017ee situ\u00e1cia v libanonsk\u00fdch, jord\u00e1nskych a tureck\u00fdch t\u00e1boroch je tak\u00e1 zl\u00e1, \u017ee sa rozhodli rad\u0161ej odtia\u013e utiec\u0165. Plat\u00ed to pre cca 20-25 % ute\u010dencov. Ostatn\u00ed, prich\u00e1dzaj\u00faci zv\u00e4\u010d\u0161a z in\u00fdch kraj\u00edn, sa vydali na cestu z ekonomick\u00fdch d\u00f4vodov v n\u00e1deji na lep\u0161\u00ed \u017eivot.<\/p><p>Vytvorili sa hlavn\u00e9 trasy. Cez Stredozemn\u00e9 more sa tla\u010d\u00ed migra\u010dn\u00e1 vlna predov\u0161etk\u00fdm na Taliansko a \u0160panielsko. Za prv\u00fdch osem mesiacov roka preplavilo sa cez Stredozemn\u00e9 more 350 tis\u00edc migrantov, z toho 235 tis\u00edc do Gr\u00e9cka a asi 115 tis\u00edc do Talianska, i do \u0160panielska a na Maltu.<\/p><p>Na pevnine viedla jedna trasa cez Turecko \u2013 Gr\u00e9cko \u2013 Maced\u00f3nsko \u2013 Srbsko &#8211; Ma\u010farsko. Aj tu sa m\u00f4\u017eeme stretn\u00fa\u0165 s viacer\u00fdmi ot\u00e1znymi okolnos\u0165ami, ktor\u00e9 si vy\u017eaduj\u00fa \u010fal\u0161ie sk\u00famanie. Zauj\u00edmav\u00e9 je to, \u017ee migranti vyu\u017e\u00edvali takmer v\u00fdhradne jeden kilometer \u0161irok\u00fd p\u00e1s srbsko-ma\u010farsk\u00fdch zelen\u00fdch hran\u00edc, hoci sa pon\u00fakalo viacero mo\u017enost\u00ed na prekro\u010denie hran\u00edc. Nepodarilo sa dok\u00e1za\u0165, ale je zrejme opodstatnen\u00e9 podozrenie, \u017ee pa\u0161er\u00e1ci sa zamerali na dia\u013enice, ke\u010f organizovali presun cez Ma\u010farsko. Nesk\u00f4r sa pok\u00fasili dosta\u0165 migrantov aj cez men\u0161ie, druhotriedne cesty smerom na rak\u00faske a slovinsk\u00e9 hranice, ale na prekro\u010denie hranice v\u017edy vyu\u017e\u00edvali rovnak\u00fd \u00fasek hran\u00edc. Pravdepodobne tam sa im podarilo vybudova\u0165 ich potreb\u00e1m zodpovedaj\u00face z\u00e1kladne. Na oboch stran\u00e1ch hranice sa r\u00fdchle objavili osoby, ktor\u00e9 za \u00fa\u010delom z\u00edskania odpo\u010dinkov\u00fdch priestorov pre migrantov, pre svojich \u013eud\u00ed, kupovali pozemky v bl\u00edzkosti hran\u00edc. Registrovan\u00e9 s\u00fa aj pokusy zlo\u010dineck\u00fdch skup\u00edn &#8211; spojen\u00fdch s pa\u0161ovan\u00edm \u013eud\u00ed &#8211; prenikn\u00fa\u0165 do ma\u010farsk\u00fdch in\u0161tit\u00faci\u00ed. Pok\u00fasili sa korumpova\u0165 pracovn\u00edkov \u0161t\u00e1tnych org\u00e1nov v Ma\u010farsku na rozli\u010dn\u00fdch stup\u0148och; predov\u0161etk\u00fdm sa pok\u00fasili vybudova\u0165 si kontakty v syst\u00e9me org\u00e1nov zaoberaj\u00facich sa cudzincami a vyd\u00e1van\u00edm v\u00edz. Mali dobre funguj\u00facu prieskumn\u00fa sie\u0165. Ke\u010f org\u00e1ny str\u00e1\u017eiace hranicu im pripravili pascu na niektorej ceste, skupiny migrantov do polhodiny zmenili trasu a obch\u00e1dzkami sa usilovali vyhn\u00fa\u0165 sa t\u00fdmto n\u00e1strah\u00e1m.<\/p><p>Inform\u00e1cie z\u00edskan\u00e9 pri vypo\u010d\u00favan\u00ed hovoria o tom, \u017ee ileg\u00e1lnych organiz\u00e1torov vo v\u0161eobecnosti riadili z kraj\u00edn za\u0165a\u017een\u00fdch konfliktami, odkia\u013e \u013eudia utekali. Jednotliv\u00e9 100 \u2013 500 \u010dlenn\u00e9 skupiny ute\u010dencov sprev\u00e1dzal jeden alebo dvaja \u013eudia, ktor\u00ed pravdepodobne dozerali na to, aby migranti dodr\u017eiavali pokyny. Pokyny prich\u00e1dzali cez mobiln\u00e9 telef\u00f3ny alebo prostredn\u00edctvom internetu. Jednotliv\u00fdm skupin\u00e1m pom\u00e1hali zvonku 5-6 \u010dlenn\u00e9 skupiny. Jednotky prev\u00e1dza\u010dsk\u00fdch organiz\u00e1ci\u00ed sa ako bunky rozmies\u0165uj\u00fa v tranzitn\u00fdch a cie\u013eov\u00fdch krajin\u00e1ch a \u0161tafetov\u00fdm sp\u00f4sobom si odovzd\u00e1vaj\u00fa migrantov. V ka\u017edej tranzitnej krajine z\u00edskavaj\u00fa miestnych organiz\u00e1torov na strednej \u00farovni na plnenie \u010diastkov\u00fdch \u00faloh. Objavili sa inform\u00e1cie, \u017ee na t\u00fdchto akci\u00e1ch sa z\u00fa\u010dastnili rozli\u010dn\u00ed finan\u010dn\u00edci (z\u00edskavali finan\u010dn\u00e9 prostriedky), pr\u00e1vnici, sprievodcovia, majitelia priestorov na odpo\u010dinok, dopravcovia.<\/p><p>Ma\u010farsk\u00e9 org\u00e1ny sa usilovali v r\u00e1mci medzin\u00e1rodnej spolupr\u00e1ce odhali\u0165 z\u00e1kladne na tras\u00e1ch cez Ma\u010farsko, miesta na odpo\u010dinok, ved\u00face osobnosti na strednej \u00farovni a s nimi spojen\u00e9 osoby. Dosiahli aj \u010diastkov\u00e9 \u00faspechy, podarilo sa zadr\u017ea\u0165 viac ako 600 os\u00f4b pom\u00e1ha\u010dov, ale nepodarilo sa zaisti\u0165 nikoho spomedzi hlavn\u00fdch organiz\u00e1torov.<\/p><p>Okrem spom\u00ednan\u00fdch sp\u00f4sobov dopravy migrantov boli aj tzv. VIP trasy, cez ktor\u00e9 pohodlnej\u0161ie a r\u00fdchlej\u0161ie za vy\u0161\u0161ie poplatky dopravovali migrantov cez rozli\u010dn\u00e9 hranice, napr\u00edklad v\u010faka falo\u0161n\u00fdm dokladom aj letecky.<\/p><p>V s\u00fa\u010dasnosti je pa\u0161ovanie \u013eud\u00ed jedn\u00fdm z najv\u00fdnosnej\u0161\u00edch obchodov v Eur\u00f3pe. Jedn\u00e9ho ,,klienta\u201d dopravia za 6 000 eur, napr\u00edklad z Afganistanu do Nemecka. Migranta vybavia legendou. D\u00f4sledne ho in\u0161truuj\u00fa, aby v nijakom pr\u00edpade, ke\u010f ho zadr\u017eia, neuviedol nijak\u00fd pri\u0165a\u017euj\u00faci fakt o organiz\u00e1toroch pa\u0161ovania. Pre nich je z\u00e1rukou to, \u017ee banda pa\u0161er\u00e1kov v\u017edy ve\u013emi pozorne sleduje pohyb migranta a ke\u010f on dodr\u017e\u00ed dohodu a dostane sa do hocijak\u00e9ho \u0161t\u00e1tu, do t\u00e1bora pre cudzincov, do 2 \u2013 3 dn\u00ed sa s n\u00edm skontaktuj\u00fa, poskytn\u00fa mu nov\u00e9 dokumenty a zorganizuj\u00fa, aby sa dostal \u010falej.<\/p><p>Migranti po prekro\u010den\u00ed hran\u00edc zahodili v\u0161etky dokumenty, na\u0161li sa medzi nimi potvrdenia o statuse ute\u010denca, do\u010dasn\u00fd dokument, ktor\u00fd dost\u00e1vali na maced\u00f3nsko-srbskej hranici, dokumenty v gr\u00e9ckom jazyku, s\u00fdrske potvrdenia at\u010f. Na \u010dasti dokumentov boli aj fotografie a odtla\u010dky prstov. Ute\u010denci tie\u017e odhadzovali svoje mobiln\u00e9 telef\u00f3ny, kde mali zachyten\u00e9 nejr\u00f4znej\u0161ie v\u00fdjavy Islamsk\u00e9ho \u0161t\u00e1tu.<\/p><p>Medzi zahoden\u00fdmi dokumentmi boli n\u00e1jdeme aj tak\u00e9 ,,cestovate\u013esk\u00e9 pr\u00edru\u010dky\u201d, ktor\u00e9 pom\u00e1haj\u00fa migrantom radami, mapami, inform\u00e1ciami o ich pr\u00e1vach a detailne ich zoznamuj\u00fa s pravidlami na z\u00edskavanie odtla\u010dkov prstov. Pris\u0165ahovalcov posme\u013euj\u00fa, aby si p\u00fdtali pr\u00e1vnu ochranu a pomoc. Aj na internete m\u00f4\u017eu n\u00e1js\u0165 detailne inform\u00e1cie o jednotliv\u00fdch krajin\u00e1ch, s menami a telef\u00f3nnymi kontaktmi \u013eud\u00ed, na ktor\u00fdch sa m\u00f4\u017eu migranti obr\u00e1ti\u0165 o pomoc. Pod\u013ea inform\u00e1ci\u00ed z m\u00e9di\u00ed tla\u010d t\u00fdchto pr\u00edru\u010diek financuj\u00fa predov\u0161etk\u00fdm americk\u00e9 \u013eudsko-pr\u00e1vne ob\u010dianske organiz\u00e1cie. Medzi pomocn\u00edkmi v Ma\u010farsku na prvom mieste bol uveden\u00fd Ma\u010farsk\u00fd helsinsk\u00fd v\u00fdbor.<\/p><p>Nepodarilo sa jednozna\u010dne odpoveda\u0165 na ot\u00e1zku, pre\u010do zahadzovali ute\u010denci svoje s\u00fdrske pasy, papiere o registr\u00e1cii, dokumenty potvrdzuj\u00face ich status ute\u010denca, ktor\u00e9 by podstatne u\u013eah\u010dili ich z\u00e1konn\u00fd vstup do Eur\u00f3pskej \u00fanie. So s\u00fdrskymi pasmi po registr\u00e1cii sa m\u00f4\u017eu teraz zdr\u017eiava\u0165 v Nemecku tri roky.<\/p><p>Pod\u013ea n\u00e1zoru odborn\u00edka m\u00f4\u017ee vysvetlenie spo\u010d\u00edva\u0165 v tom, \u017ee t\u00ed, ktor\u00ed zahodili svoje dokumenty, boli azda bojovn\u00edkmi Al-Kaidy, Al-Nusra Front alebo Islamsk\u00e9ho \u0161t\u00e1tu a ob\u00e1vaj\u00fa sa, \u017ee niekde v Eur\u00f3pe alebo mimo Eur\u00f3py s\u00fa u\u017e na zozname os\u00f4b, po ktor\u00fdch sa p\u00e1tra alebo s\u00fa na zozname podozriv\u00fdch. Chc\u00fa sa teda vyhn\u00fa\u0165 odhaleniu. Tento predpoklad potvrdzuje odmietanie poskytn\u00fa\u0165 odtla\u010dky prstov. Alebo viacer\u00ed migranti sa odvol\u00e1vaj\u00fa na to, \u017ee keby sa zaregistrovali v Ma\u010farsku, museli by sa tu usadi\u0165 a nedostali by sa do Nemecka alebo \u0160v\u00e9dska, ktor\u00e9 pon\u00fakaj\u00fa ove\u013ea viac soci\u00e1lnej podpory.<\/p><p>V d\u00f4sledku toho v\u0161etk\u00e9ho nemo\u017eno dodr\u017eiava\u0165 princ\u00edp kontrolovan\u00e9ho vstupu, prekro\u010denia hran\u00edc, ako z\u00e1kladn\u00fd princ\u00edp Schengensk\u00e9ho syst\u00e9mu. A tak sa cez Ma\u010farsko dostalo do Eur\u00f3pskej \u00fanie pribli\u017ene 70 tis\u00edc os\u00f4b, o ktor\u00fdch nem\u00e1me nijak\u00e9 \u00fadaje. Pod\u013ea odhadov sa v Ma\u010farsku zdr\u017eiava ileg\u00e1lne 15 a\u017e 20 tis\u00edc os\u00f4b. M\u00f4\u017ee to ma\u0165 e\u0161te nesk\u00f4r v\u00e1\u017ene d\u00f4sledky a je o\u010dividn\u00e9, \u017ee ,,naozajstn\u00fd v\u00fdbuch\u201d je e\u0161te pred nami.<\/p><p>Roz\u0161\u00edrili sa inform\u00e1cie, \u017ee na \u00fazem\u00ed Turecka masovo vyr\u00e1baj\u00fa falo\u0161n\u00e9 s\u00fdrske pasy za odmenu 750-1000 eur na ofici\u00e1lnom papieri z\u00edskanom v S\u00fdrii. Inform\u00e1cie o tom s\u00fa uveden\u00e9 na Facebook-u v arabskom jazyku. V Bulharsku zabavili 10 000 kusov falo\u0161n\u00fdch bianko pasov.<\/p><p>Mohli by sme teraz zd\u013ahavo vyrat\u00fava\u0165, s ak\u00fdmi nebezpe\u010denstvami mus\u00edme po\u010d\u00edta\u0165 v bud\u00facnosti kv\u00f4li zlyhaniu kontroln\u00fdch syst\u00e9mov a kv\u00f4li ch\u00fdbaj\u00facim kapacit\u00e1m. Mohol by som uv\u00e1dza\u0165 hrozby pre verejn\u00e9 zdravie, mo\u017en\u00fd rast nap\u00e4tia v spolo\u010dnosti, radik\u00e1lnych hnut\u00ed, roz\u0161\u00edrenie organizovan\u00e9ho zlo\u010dinu, probl\u00e9my s\u00favisiace s integr\u00e1ciou migrantov a\u017e po rast nebezpe\u010denstva terorizmu. Faktom je, \u017ee v d\u00f4sledku nedostatku inform\u00e1ci\u00ed a objekt\u00edvnych znalost\u00ed, preva\u017en\u00fa \u010das\u0165 v\u00fdziev nov\u00e9ho typu si sotva dostato\u010dne uvedomujeme, ale pr\u00e1ve v tom je ich nebezpe\u010denstvo. Probl\u00e9m spo\u010d\u00edva v tom, \u017ee jednoducho nedok\u00e1\u017eeme ur\u010di\u0165 sp\u00f4sob rie\u0161enia jednotliv\u00fdch ot\u00e1zok. Eur\u00f3pska \u00fania nevie n\u00e1js\u0165 rie\u0161enie kr\u00edzovej situ\u00e1cie, ktor\u00e1 vznikla, hoci sme v poslednej min\u00fate poslednej hodiny. Plot na hraniciach je iba do\u010dasn\u00e9 rie\u0161enie. Probl\u00e9m to nerie\u0161i, iba ho ods\u00fava.<\/p><p>Ke\u010f analyzujeme probl\u00e9my a \u00falohy, ktor\u00e9 pred nami stoja, m\u00f4\u017eeme kon\u0161tatova\u0165, \u017ee spomedzi t\u00fdch, ktor\u00ed v Eur\u00f3pe rozhoduj\u00fa, nikto nechce vzia\u0165 na seba riziko materi\u00e1lnych i krvav\u00fdch obet\u00ed spojen\u00fdch s rie\u0161en\u00edm pr\u00ed\u010din kr\u00edzy; zodpovedn\u00ed nechc\u00fa rie\u0161i\u0165 probl\u00e9my, ale iba chc\u00fa pre\u017ei\u0165 tento \u010das. K\u00fdm nebude jednotn\u00e9 stanovisko v Eur\u00f3pskej \u00fanii, nem\u00e1me nijak\u00fa \u0161ancu post\u00fapi\u0165 vpred k rie\u0161eniu.<\/p><p>Je ist\u00e9, \u017ee \u017eiadna krajina samotn\u00e1 ani nevie \u00fa\u010dinne vyst\u00fapi\u0165 zo\u010di-vo\u010di uveden\u00fdm hrozb\u00e1m. Eur\u00f3pa \u2013 to sme my, my mus\u00edme spolo\u010dne \u010deli\u0165 tomuto nebezpe\u010denstvu. Potrebujeme s\u00fadr\u017enos\u0165, inak n\u00e1m re\u00e1lne hroz\u00ed nebezpe\u010denstvo, \u017ee sa mus\u00edme vzda\u0165 navyknut\u00e9ho sp\u00f4sobu \u017eivota a nebudeme vedie\u0165 zastavi\u0165 rozvrat Eur\u00f3pskej \u00fanie.<\/p><p>Dovo\u013ete mi e\u0161te jednu pozn\u00e1mku. V mojom pr\u00edspevku som nespom\u00ednal konkr\u00e9tne d\u00f4kazy, napr\u00edklad o hrozbe terorizmu alebo o pr\u00edtomnosti spiacich agentov. Viete, keby mi v mojich akt\u00edvnych rokoch dali \u00falohu, aby som destabilizoval Eur\u00f3psku \u00faniu, s ve\u013ekou pravdepodobnos\u0165ou by som postupoval tak, ako pozorujeme to, \u010do sa odohr\u00e1va v na\u0161om okol\u00ed dnes. Ak \u010do najsk\u00f4r d\u00e1me tieto skuto\u010dnosti na vedomie t\u00fdm, ktor\u00ed rozhoduj\u00fa, o to bli\u017e\u0161ie sa m\u00f4\u017eeme dosta\u0165 k rie\u0161eniu kr\u00edzy.<\/p><p>Stru\u010dne som sa pok\u00fasil na\u010drtn\u00fa aktu\u00e1lnu situ\u00e1ciu, ktor\u00e1 vznikla v d\u00f4sledku neregulovanej migr\u00e1cie do Eur\u00f3py. U\u017e z tohto stru\u010dn\u00e9ho n\u00e1\u010drtu mo\u017eno tu\u0161i\u0165 bezpe\u010dnostn\u00e9 rizik\u00e1 a hrozby, ktor\u00fdm budeme \u010deli\u0165. Existuje u\u017e ve\u013ea publikovan\u00fdch faktov o tom, \u017ee migra\u010dn\u00e1 inv\u00e1zia signalizuje v\u00e1\u017ene komplik\u00e1cie spolo\u010densk\u00e9ho v\u00fdvoja na na\u0161om kontinente.<\/p><p>Politick\u00e9 rie\u0161enie: \u201eEur\u00f3pska \u00fania by mala n\u00e1js\u0165 spolo\u010dn\u00e9 rie\u0161enie\u201d &#8211; to je dnes u\u017e hl\u00fapos\u0165. U\u017e je neskoro, u\u017e nie je mo\u017en\u00e9 n\u00e1js\u0165 \u00fa\u010dinn\u00e9 politick\u00e9 rie\u0161enie \u2013 po prv\u00e9 kv\u00f4li zlo\u017eitosti probl\u00e9mu, po druh\u00e9 kv\u00f4li impotencii politikov, po tretie kv\u00f4li r\u00f4znym z\u00e1ujmom jednotliv\u00fdch eur\u00f3pskych \u0161t\u00e1tov.<\/p><p>Vieme iba to, \u017ee \u201eriaden\u00e1 n\u00e1tlakov\u00e1 migr\u00e1cia\u201c je sp\u00f4soben\u00e1 nejakou skrytou silou v pozad\u00ed a jej cie\u013eom je oslabi\u0165 Eur\u00f3pu \u010di aspo\u0148 Nemecko. Pr\u00edliv \u013eud\u00ed z in\u00fdch \u010dast\u00ed sveta povedie v na\u0161ich krajin\u00e1ch k nestabilite. Nedok\u00e1\u017eem poveda\u0165, nako\u013eko je s\u00fa\u010dasn\u00e1 migr\u00e1cia spont\u00e1nna \u010di zneu\u017eit\u00e1, ale je prakticky ist\u00e9, \u017ee najnesk\u00f4r po tohtoro\u010dnej ute\u010deneckej kr\u00edze ju m\u00f4\u017eeme pova\u017eova\u0165 nielen za bezpe\u010dnostn\u00fa hrozbu, ale taktie\u017e za mo\u017en\u00fa zbra\u0148. Je to ide\u00e1lny lacn\u00fd n\u00e1stroj destabiliz\u00e1cie Eur\u00f3py alebo \u010dasti Eur\u00f3py, kde sa za v\u00ed\u0165azstvo v tomto hybridnom druhu vojny bojuje okrem in\u00e9ho pomocou manipul\u00e1cie na internete, bez toho, aby ste potrebovali arm\u00e1du.<\/p><p>Probl\u00e9m je glob\u00e1lny, rie\u0161enie tie\u017e mus\u00ed by\u0165 eur\u00f3pske. Ale otvoren\u00e9 varovania, opakovane predkladan\u00e9 bezpe\u010dnostn\u00fdmi zlo\u017ekami nar\u00e1\u017eaj\u00fa v\u0161ak na \u201ehluch\u00e9 u\u0161i\u201c politikov. Tlak nie je e\u0161te nato\u013eko siln\u00fd, aby politici boli n\u00faten\u00ed postupova\u0165 jednotne. V bl\u00edzkej bud\u00facnosti m\u00f4\u017eeme po\u010d\u00edta\u0165 s rastom nap\u00e4tia na Balk\u00e1ne, v Nemecku a v rade \u010fal\u0161\u00edch \u0161t\u00e1tov. Preto pre spravodajsk\u00e9 slu\u017eby \u0161t\u00e1tov Eur\u00f3pskej \u00fanie vypl\u00fdvaj\u00fa zn\u00e1soben\u00e9 \u00falohy pri prenikan\u00ed do \u0161trukt\u00far, ktor\u00e9 iniciuj\u00fa a usmer\u0148uj\u00fa migra\u010dn\u00e9 tsunami, valiace sa na n\u00e1\u0161 kontinent \u2013 z\u00edska\u0165 inform\u00e1cie z h\u013abky a upozorni\u0165 na\u0161ich politikov na hrozbu, ktor\u00e1 je u\u017e predo dvermi a jednou nohou u\u017e prekro\u010dila n\u00e1\u0161 prah.<\/p><p>Text ostatn\u00fdch refer\u00e1tov je k dispoz\u00edcii po kliknut\u00ed na cel\u00fd \u010dl\u00e1nok<\/p><p><a href=\"https:\/\/absd.sk\/wp-content\/uploads\/2024\/07\/09_Potencial-SS-proti-medzinarodnemu-terorizmu.pdf\">Cel\u00fd \u010dl\u00e1nok<\/a><\/p>\t\t\t\t\t\t\t\t<\/div>\n\t\t\t\t<\/div>\n\t\t\t\t\t<\/div>\n\t\t<\/div>\n\t\t\t\t\t<\/div>\n\t\t<\/section>\n\t\t\t\t<\/div>\n\t\t","protected":false},"excerpt":{"rendered":"","protected":false},"author":1,"featured_media":4584,"comment_status":"closed","ping_status":"open","sticky":false,"template":"","format":"standard","meta":{"footnotes":""},"categories":[59],"tags":[],"class_list":["post-4582","post","type-post","status-publish","format-standard","has-post-thumbnail","hentry","category-sympozia"],"_links":{"self":[{"href":"https:\/\/absd.sk\/de\/wp-json\/wp\/v2\/posts\/4582","targetHints":{"allow":["GET"]}}],"collection":[{"href":"https:\/\/absd.sk\/de\/wp-json\/wp\/v2\/posts"}],"about":[{"href":"https:\/\/absd.sk\/de\/wp-json\/wp\/v2\/types\/post"}],"author":[{"embeddable":true,"href":"https:\/\/absd.sk\/de\/wp-json\/wp\/v2\/users\/1"}],"replies":[{"embeddable":true,"href":"https:\/\/absd.sk\/de\/wp-json\/wp\/v2\/comments?post=4582"}],"version-history":[{"count":7,"href":"https:\/\/absd.sk\/de\/wp-json\/wp\/v2\/posts\/4582\/revisions"}],"predecessor-version":[{"id":5078,"href":"https:\/\/absd.sk\/de\/wp-json\/wp\/v2\/posts\/4582\/revisions\/5078"}],"wp:featuredmedia":[{"embeddable":true,"href":"https:\/\/absd.sk\/de\/wp-json\/wp\/v2\/media\/4584"}],"wp:attachment":[{"href":"https:\/\/absd.sk\/de\/wp-json\/wp\/v2\/media?parent=4582"}],"wp:term":[{"taxonomy":"category","embeddable":true,"href":"https:\/\/absd.sk\/de\/wp-json\/wp\/v2\/categories?post=4582"},{"taxonomy":"post_tag","embeddable":true,"href":"https:\/\/absd.sk\/de\/wp-json\/wp\/v2\/tags?post=4582"}],"curies":[{"name":"wp","href":"https:\/\/api.w.org\/{rel}","templated":true}]}}