{"id":4509,"date":"2008-11-25T12:45:25","date_gmt":"2008-11-25T12:45:25","guid":{"rendered":"https:\/\/absd.sk\/?p=4509"},"modified":"2024-07-31T09:43:10","modified_gmt":"2024-07-31T09:43:10","slug":"spravodajske-sluzby-v-demokratickej-spolocnosti","status":"publish","type":"post","link":"https:\/\/absd.sk\/en\/spravodajske-sluzby-v-demokratickej-spolocnosti\/","title":{"rendered":""},"content":{"rendered":"\t\t<div data-elementor-type=\"wp-post\" data-elementor-id=\"4509\" class=\"elementor elementor-4509\">\n\t\t\t\t\t\t<section class=\"elementor-section elementor-top-section elementor-element elementor-element-9166909 elementor-section-boxed elementor-section-height-default elementor-section-height-default\" data-id=\"9166909\" data-element_type=\"section\">\n\t\t\t\t\t\t<div class=\"elementor-container elementor-column-gap-default\">\n\t\t\t\t\t<div class=\"elementor-column elementor-col-100 elementor-top-column elementor-element elementor-element-5edd95d\" data-id=\"5edd95d\" data-element_type=\"column\">\n\t\t\t<div class=\"elementor-widget-wrap elementor-element-populated\">\n\t\t\t\t\t\t<div class=\"elementor-element elementor-element-521972e elementor-widget elementor-widget-text-editor\" data-id=\"521972e\" data-element_type=\"widget\" data-widget_type=\"text-editor.default\">\n\t\t\t\t<div class=\"elementor-widget-container\">\n\t\t\t\t\t\t\t\t\t<p><a href=\"https:\/\/absd.sk\/wp-content\/uploads\/2024\/07\/02_Postavenie-spravodajskych-sluzieb-v-demokratickej-spolocnosti.pdf\">Cel\u00fd \u010dl\u00e1nok<\/a><\/p><div><p>Asoci\u00e1cia b\u00fdval\u00fdch spravodajsk\u00fdch d\u00f4stojn\u00edkov spolu s Fakultou pr\u00e1va Bratislavskej vysokej \u0161koly pr\u00e1va usporiadali 25. 11. 2008 symp\u00f3zium na t\u00e9mu \u201eSpravodajsk\u00e9 slu\u017eby v demokratickej spolo\u010dnosti&#8221;. Uverej\u0148ujeme refer\u00e1ty a diskusn\u00e9 pr\u00edspevky zo symp\u00f3zia, ktor\u00e9 bud\u00fa vydan\u00e9 v osobitnom zborn\u00edku.<\/p><h2>Obsah<\/h2><table><tbody><tr><th><h3>Predslov<\/h3><\/th><\/tr><tr><td>PhDr. Igor Cibula<\/td><\/tr><tr><th><h3>Pr\u00edhovor<\/h3><\/th><\/tr><tr><td>Ing. Pavol Prokopovi\u010d<\/td><\/tr><tr><th><h3>I. POSTAVENIE SPRAVODAJSK\u00ddCH SLU\u017dIEB<\/h3><\/th><\/tr><tr><td>J. Schneider: Postaven\u00ed spravodajsk\u00fdch slu\u017eeb v demokratick\u00e9 spole\u010dnosti<\/td><\/tr><tr><td>M. \u017ditn\u00fd: Probl\u00e9my spravodajsk\u00fdch slu\u017eieb v demokratickej spolo\u010dnosti<\/td><\/tr><tr><td>I. Cibula: Politici a spravodajsk\u00e9 slu\u017eby<\/td><\/tr><tr><th><h3>II. UKLADANIE \u00daLOH SPRAVODAJSK\u00ddM SLU\u017dB\u00c1M<\/h3><\/th><\/tr><tr><td>P. Zeman: Zad\u00e1v\u00e1n\u00ed \u00fakol\u016f zpravodajsk\u00fdm slu\u017eb\u00e1m \u2013 teorie a praxe, sv\u011btla a st\u00edny<\/td><\/tr><tr><td>J. Dearlove: Ukladanie \u00faloh spravodajsk\u00fdm slu\u017eb\u00e1m<\/td><\/tr><tr><th><h3>III. POL\u00cdCIA A SPRAVODAJSK\u00c9 SLU\u017dBY<\/h3><\/th><\/tr><tr><td>J. Stieranka: Spravodajsk\u00e1 \u010dinnos\u0165 Policajn\u00e9ho zboru<\/td><\/tr><tr><td>J. Ivor: Vyu\u017eitie inform\u00e1ci\u00ed spravodajsk\u00fdch slu\u017eieb v trestnom konan\u00ed<\/td><\/tr><tr><th><h3>IV.DISKUSIA<\/h3><\/th><\/tr><tr><td>P. O\u0161v\u00e1th: Parlamentn\u00e1 (civiln\u00e1) kontrola spravodajsk\u00fdch slu\u017eieb v SR<\/td><\/tr><tr><td>M. Liso\u0148: Spravodajsk\u00e1 \u010dinnos\u0165 v syst\u00e9me policajn\u00e9ho poznania<\/td><\/tr><tr><td>M. Hod\u00e1s: Spravodajsk\u00e9 slu\u017eby v boji proti terorizmu a komunit\u00e1rne pr\u00e1vo<\/td><\/tr><tr><th><h3>Z\u00e1very zo symp\u00f3zia<\/h3><\/th><\/tr><\/tbody><\/table><hr \/><h2>Predslov<\/h2><p>Po \u00faspe\u0161nom symp\u00f3ziu na t\u00e9mu \u201eZmeny v spravodajsk\u00fdch slu\u017eb\u00e1ch\u201c, ktor\u00e9 usporiadala Asoci\u00e1cia b\u00fdval\u00fdch spravodajsk\u00fdch d\u00f4stojn\u00edkov v spolupr\u00e1ci s Fakultou pr\u00e1va Bratislavskej vysokej \u0161koly pr\u00e1va v decembri 2007, rozhodli sme sa pokra\u010dova\u0165 v za\u010datej spolupr\u00e1ci, aby sme polo\u017eili z\u00e1klad trad\u00edcie verejn\u00e9ho f\u00f3ra na v\u00fdmenu n\u00e1zorov o spravodajsk\u00fdch slu\u017eb\u00e1ch. V zhode s odpor\u00fa\u010dan\u00edm minuloro\u010dn\u00e9ho symp\u00f3zia organizova\u0165 podujatia, ktor\u00e9 by mali prispieva\u0165 k vytv\u00e1raniu podpory verejnosti pre spr\u00e1vne funguj\u00faci a z\u00e1konn\u00fd spravodajsk\u00fd syst\u00e9m Slovenskej republiky, d\u0148a 25. novembra 2008 sa uskuto\u010dnilo II. medzin\u00e1rodn\u00e9 symp\u00f3zium na t\u00e9mu \u201eSpravodajsk\u00e9 slu\u017eby v demokratickej spolo\u010dnosti\u201c.<\/p><p>Na symp\u00f3zium pri\u0161lo 78 \u00fa\u010dastn\u00edkov, medzi ktor\u00fdmi boli 7 b\u00fdval\u00ed riaditelia spravodajsk\u00fdch slu\u017eieb \u2013 vr\u00e1tane host\u00ed z \u010ceskej republiky a Ve\u013ekej Brit\u00e1nie, \u010falej predseda Osobitn\u00e9ho kontroln\u00e9ho v\u00fdboru N\u00e1rodnej rady Slovenskej republiky Ing. Pavol Prokopovi\u010d, tajomn\u00edk Osobitn\u00e9ho kontroln\u00e9ho v\u00fdboru NR SR na kontrolu \u010dinnosti Vojensk\u00e9ho spravodajstva plkg\u0161t. Vladim\u00edr Kmec, z\u00e1stupcovia Akad\u00e9mie policajn\u00e9ho zboru SR, spravodajsk\u00ed experti, predstavitelia BV\u0160P, \u0161tudenti z tejto vysokej \u0161koly, pedag\u00f3govia z in\u00fdch vysok\u00fdch \u0161k\u00f4l a novin\u00e1ri. Hlavn\u00e9 refer\u00e1ty na symp\u00f3ziu boli zameran\u00e9 na problematiku postavenia a probl\u00e9mov spravodajsk\u00fdch slu\u017eieb v demokratickej spolo\u010dnosti, ukladanie \u00faloh spravodajsk\u00fdm slu\u017eb\u00e1m a vz\u0165ahu policajn\u00fdch aktiv\u00edt a spravodajskej \u010dinnosti. Akcentovali potrebu sp\u00e4tnej v\u00e4zby medzi spravodajsk\u00fdmi slu\u017ebami a politikmi ako mimoriadne d\u00f4le\u017eit\u00e9ho \u010dinite\u013ea, aby spravodajsk\u00e9 slu\u017eby mohli efekt\u00edvne plni\u0165 svoje poslanie.<\/p><p>Za pozit\u00edvum tohtoro\u010dn\u00e9ho symp\u00f3zia mo\u017eno pova\u017eova\u0165 fakt, \u017ee na podujat\u00ed bola prezentovan\u00e1 tie\u017e problematika spravodajskej \u010dinnosti policajn\u00e9ho zboru. Osobitne bola zauj\u00edmav\u00e1 aj t\u00e9ma vyu\u017e\u00edvania spravodajsk\u00fdch inform\u00e1ci\u00ed ako d\u00f4kazov v trestnom konan\u00ed, \u010do pom\u00f4\u017ee zv\u00fd\u0161i\u0165 efekt\u00edvnos\u0165 trestn\u00e9ho konania najm\u00e4 v najz\u00e1va\u017enej\u0161\u00edch pr\u00edpadoch organizovanej kriminality.<\/p><p>Diskusia v porovnan\u00ed s minuloro\u010dn\u00fdm podujat\u00edm obsahovala pr\u00edspevky, ktor\u00e9 s\u00edce roz\u0161\u00edrili r\u00e1mec p\u00f4vodn\u00e9ho zamerania symp\u00f3zia, ale s\u00fa\u010dasne potvrdili u\u017eito\u010dnos\u0165 tohto f\u00f3ra pri otv\u00e1ran\u00ed \u010fal\u0161\u00edch t\u00e9m, s\u00favisiacich so spravodajsk\u00fdmi slu\u017ebami. Potvrdilo sa, \u017ee z\u00e1mer ka\u017edoro\u010dne organizova\u0165 symp\u00f3zia s podobn\u00fdm zameran\u00edm je u\u017eito\u010dn\u00fd a in\u0161piruje k prezent\u00e1cii n\u00e1zorov, ktor\u00e9 m\u00f4\u017eu zauj\u00edma\u0165 nielen okruh \u00fazko zameran\u00fdch \u0161pecialistov z prostredia spravodajskej komunity.<\/p><div>\u00a0<\/div><div><p>PhDr. Igor Cibula,<br \/>predseda Asoci\u00e1cie b\u00fdval\u00fdch spravodajsk\u00fdch d\u00f4stojn\u00edkov\u00a0<\/p><\/div><div>\u00a0<\/div><hr \/><h2>Pr\u00edhovor<\/h2><p>V\u00e1\u017een\u00fd p\u00e1n dekan! V\u00e1\u017een\u00e9 d\u00e1my, v\u00e1\u017een\u00ed p\u00e1ni!<\/p><p>\u010eakujem organiz\u00e1torom tohto medzin\u00e1rodn\u00e9ho symp\u00f3zia, Asoci\u00e1cii b\u00fdval\u00fdch spravodajsk\u00fdch d\u00f4stojn\u00edkov a Fakulty pr\u00e1va Bratislavskej vysokej \u0161koly pr\u00e1va za pozvanie a aj za mo\u017enos\u0165 tohto vyst\u00fapenia. Dovo\u013ete poveda\u0165 nieko\u013eko slov v mene JUDr.Rudolfa Pu\u010d\u00edka, predsedu V\u00fdboru N\u00e1rodnej rady SR pre obranu a bezpe\u010dnos\u0165, Ing. Jozefa \u0160imka, predsedu Osobitn\u00e9ho kontroln\u00e9ho v\u00fdboru N\u00e1rodnej rady SR na kontrolu \u010dinnosti Vojensk\u00e9ho spravodajstva a v mene svojom. T\u00e9my, o ktor\u00fdch sa bude dnes hovori\u0165, patrili, patria a mysl\u00edm si, \u017ee e\u0161te ve\u013emi dlho bud\u00fa patri\u0165 v kruhoch politikov, odborn\u00edkov a povedzme si \u2013 \u010dasto aj \u0161irokej spolo\u010dnosti k ve\u013emi roz\u0161\u00edren\u00fdm. Je potrebn\u00e9 o nich diskutova\u0165 na takejto \u00farovni.<\/p><p>M\u00e1me u\u017e d\u00e1vno za sebou komplikovan\u00e9 obdobie spolo\u010densk\u00fdch zmien akcelerovan\u00fdch v roku 1989 demokratiza\u010dn\u00fdm procesom a v roku 1993 vznikom Slovenskej republiky. Odv\u00e1\u017ene a vysoko ambici\u00f3zne bolo zalo\u017ei\u0165 vlastn\u00fd \u0161t\u00e1t, od nuly vybudova\u0165 v\u0161etky potrebn\u00e9 in\u0161tit\u00facie, vr\u00e1tane spravodajsk\u00fdch slu\u017eieb, zabezpe\u010di\u0165 pr\u00e1vny r\u00e1mec ich \u010dinnosti, peniaze na ich prev\u00e1dzku, v\u00fdber a v\u00fdchovu vhodn\u00fdch os\u00f4b. Ur\u010dite to pre v\u0161etk\u00fdch zainteresovan\u00fdch nebolo jednoduch\u00e9 obdobie, ktor\u00e9 prin\u00e1\u0161alo aj ve\u013ea nespr\u00e1vnych postupov a rozhodnut\u00ed, ako aj ve\u013ea pozit\u00edvneho.<\/p><p>Dnes, po to\u013ek\u00fdch rokoch sk\u00fasenost\u00ed, dospievame do \u0161t\u00e1dia, ke\u010f op\u00e4\u0165 potrebujeme spolo\u010densk\u00fa odvahu. Je nutn\u00e9 zamyslie\u0165 sa, kam do\u0161li slovensk\u00e9 spravodajsk\u00e9 slu\u017eby, ak\u00fdm pr\u00ednosom boli pre zaistenie bezpe\u010dnosti \u0161t\u00e1tu a na\u0161ich ob\u010danov, ako boli n\u00e1pomocn\u00e9 v rozhodovacom procese v\u00fdkonnej moci &#8211; a ako t\u00e1to bola ochotn\u00e1 ich akceptova\u0165, efekt\u00edvne ich v r\u00e1mci z\u00e1konom stanoven\u00fdch \u00faloh pou\u017ei\u0165, ak\u00e1 bola vlastne spolo\u010densk\u00e1 objedn\u00e1vka exekut\u00edvy. Pozeraj\u00fac na tento v\u00fdvoj m\u00e1m siln\u00fd pocit nevyu\u017eit\u00fdch mo\u017enost\u00ed zo strany v\u00fdkonnej moci a v nespr\u00e1vnom postoji spravodajsk\u00fdch slu\u017eieb uzavrie\u0165 sa do hmly tajomnosti e\u0161te aj pred t\u00fdmi, ktor\u00ed boli a s\u00fa ich stvorite\u013emi. Bude nutn\u00e9 otvori\u0165 tieto t\u00e9my na politickej aj odbornej \u00farovni, kde bude nutn\u00e9 si odpoveda\u0165 na nieko\u013eko z\u00e1kladn\u00fdch, ale rozhoduj\u00facich ot\u00e1zok:<\/p><ul><li>Ak\u00e9 v\u00fdzvy stoja pred spravodajsk\u00fdmi slu\u017ebami na za\u010diatku dvadsiateho prv\u00e9ho storo\u010dia, ovplyvnen\u00e9ho n\u00e1rastom terorizmu a jeho kontinu\u00e1lnej hrozby, ako aj celosvetovou ekonomickou kr\u00edzou, s ktorou sa vyspel\u00fd svet mus\u00ed vysporiada\u0165, a mo\u017en\u00fdch hrozieb, ktor\u00e9 so sebou prin\u00e1\u0161a.<\/li><li>Ako zdokonali\u0165 model prenosu objedn\u00e1vky v\u00fdkonnej moci na spravodajsk\u00e9 slu\u017eby v rozsahu z\u00e1konom stanoven\u00fdch \u00faloh a jeho sp\u00e4tn\u00fa v\u00e4zbu na spravodajsk\u00e9 slu\u017eby. Schopnos\u0165 spravodajsk\u00fdch slu\u017eieb poskytn\u00fa\u0165 v tomto syst\u00e9me kvalifikovan\u00e9 inform\u00e1cie na prevent\u00edvnu \u010dinnos\u0165 v rozhodovacom procese exekut\u00edvy.<\/li><li>Ako definova\u0165 rozsah kontroly, kto ju m\u00e1 vykon\u00e1va\u0165 a ako &#8211; pri zv\u00fd\u0161en\u00ed po\u017eiadaviek v\u00fdkonnej moci na spravodajsk\u00e9 slu\u017eby. U\u017e v po\u010diato\u010dn\u00fdch \u00favah\u00e1ch zavrhn\u00fa\u0165 doteraj\u0161\u00ed model \u201enemus\u00edme poveda\u0165, \u010do rob\u00edme, ale mus\u00edme poveda\u0165, ak\u00e9 predpisy na to m\u00e1me\u201c. U\u017e nem\u00f4\u017ee by\u0165 prij\u00edman\u00fd n\u00e1zor o \u00faniku inform\u00e1ci\u00ed z radov kontroluj\u00facich, ak s\u00fa toti\u017e tak\u00e9 tajn\u00e9, \u017ee s\u00fa a\u017e nevyu\u017eite\u013en\u00e9, tak nemaj\u00fa pre nikoho v\u00fdznam a je nutn\u00e9 zv\u00e1\u017ei\u0165, \u010di spravodajsk\u00e9 slu\u017eby nerobia iba sam\u00e9 pre seba.<\/li><li>Ak\u00e9 legislat\u00edvne a organiza\u010dn\u00e9 opatrenia je nutn\u00e9 spravi\u0165, ke\u010f si odpovieme na predch\u00e1dzaj\u00face ot\u00e1zky.<\/li><\/ul><p>Samozrejme, \u017ee v procese h\u013eadania odpoved\u00ed na predch\u00e1dzaj\u00face ot\u00e1zky vznikne mno\u017estvo \u010fal\u0161\u00edch, ktor\u00e9 bude potrebn\u00e9 vyrie\u0161i\u0165.<\/p><p>Dovol\u00edm si vyzdvihn\u00fa\u0165 snahu \u2013 a nielen snahu, ale aj konkr\u00e9tne kroky organiz\u00e1torov otvori\u0165 politicko-odborn\u00fa diskusiu o citliv\u00fdch spolo\u010densk\u00fdch t\u00e9mach, kde m\u00f4\u017eu politici, spravodajsk\u00ed d\u00f4stojn\u00edci, novin\u00e1ri, ako aj ostatn\u00ed pozvan\u00ed hostia vyjadri\u0165 svoje n\u00e1zory na tak h\u00e1kliv\u00fa t\u00e9mu. Ver\u00edm, \u017ee tieto symp\u00f3zia daj\u00fa podnet vyrie\u0161i\u0165 otvoren\u00e9 ot\u00e1zky na politicko-odbornej \u00farovni, uvedomuj\u00fac si zodpovednos\u0165 za na\u0161u bezpe\u010dnos\u0165. \u0160irok\u00e9 spektrum pr\u00edtomn\u00fdch, nevyn\u00edmaj\u00fac \u0161tudentov Fakulty pr\u00e1va Bratislavskej vysokej \u0161koly pr\u00e1va d\u00e1va z\u00e1ruku profesion\u00e1lneho pr\u00edstupu, vylu\u010duj\u00fac emot\u00edvnos\u0165 minul\u00fdch obdob\u00ed.<\/p><p>\u017del\u00e1m v\u00e1m ve\u013ea \u00faspechov a \u010fakujem za pozornos\u0165.<\/p><div>\u00a0<\/div><div><p>Ing. Pavol Prokopovi\u010d,<br \/>predseda Osobitn\u00e9ho kontroln\u00e9ho v\u00fdboru<br \/>N\u00e1rodnej rady Slovenskej republiky<br \/>na kontrolu \u010dinnosti SIS\u00a0<\/p><\/div><div>\u00a0<\/div><hr \/><h2>I. POSTAVENIE SPRAVODAJSK\u00ddCH SLU\u017dIEB<\/h2><p>Jan Schneider (1955) \u2013 Signat\u00e1r CHARTY 77. P\u00f4sobil na rozli\u010dn\u00fdch postoch v kontrarozviedke (1990-1996). V obdob\u00ed 1996-2000 bol riadite\u013eom Kancel\u00e1rie Rady vl\u00e1dy \u010cR pre spravodajsk\u00fa \u010dinnos\u0165. V rokoch 2000-2005 bol pr\u00edslu\u0161n\u00edkom Policajn\u00e9ho zboru \u010cR. V s\u00fa\u010dasnosti je nez\u00e1visl\u00fdm konzultantom pre bezpe\u010dnostn\u00fa a spravodajsk\u00fa problematiku. Zn\u00e1my je svojou aktu\u00e1lnou publicistickou \u010dinnos\u0165ou z tejto oblasti.<\/p><p>J. Schneider: Postaven\u00ed zpravodajsk\u00fdch slu\u017eeb v demokratick\u00e9 spole\u010dnosti<\/p><h3>ZPRAVODAJSK\u00c9 SLU\u017dBY?<\/h3><p>V\u011bt\u0161ina \u010dl\u00e1nk\u016f, knih a p\u0159edn\u00e1\u0161ek nepojedn\u00e1v\u00e1 t\u00e9ma zpravodajsk\u00fdch slu\u017eeb od nuly, ale vych\u00e1z\u00ed z implicitn\u00edho p\u0159edpokladu opr\u00e1vn\u011bnosti jejich existence. Tento p\u0159\u00edstup trochu p\u0159ipom\u00edn\u00e1 argumentaci nadporu\u010d\u00edka Mazurka v \u010cern\u00fdch baronech &#8211; \u201eud\u011bl\u00e1me, jak m\u00e1 b\u00fdt, proto\u017ee tak je to spr\u00e1vn\u00e9, tak m\u00e1 b\u00fdt\u201c.<\/p><p>V posledn\u00edch dvou dek\u00e1d\u00e1ch se v\u0161ak sv\u011bt zm\u011bnil takov\u00fdm zp\u016fsobem, \u017ee to m\u016f\u017ee p\u0159ipom\u00ednat p\u0159\u00edznaky nov\u00e9 \u201eosov\u00e9 doby\u201c. V tomto kontextu je logick\u00e9, kdy\u017e si dnes pokl\u00e1d\u00e1me naprosto z\u00e1kladn\u00ed ot\u00e1zku ohledn\u011b existence zpravodajsk\u00fdch slu\u017eeb &#8211; maj\u00ed b\u00fdt \u010di neb\u00fdt? Jak\u00fd byl jejich historick\u00fd p\u0159\u00ednos? Byl v\u011bt\u0161\u00ed ne\u017e blam\u00e1\u017ee, kter\u00e9 zp\u016fsobily? Demokratick\u00e1 spole\u010dnost a zpravodajsk\u00e9 slu\u017eby &#8211; jde to v\u016fbec dohromady? Jak mohou p\u0159isp\u011bt budoucnosti, pod n\u00ed\u017e bychom se mohli a cht\u011bli podepsat?<\/p><h3>HISTORICK\u00dd PRAGMATISMUS<\/h3><p>Franti\u0161ek Dvorn\u00edk, mezin\u00e1rodn\u011b proslul\u00fd medievalista a byzantolog, p\u00ed\u0161e v knize \u201ePo\u010d\u00e1tky zpravodajsk\u00fdch slu\u017eeb\u201c: \u201eZe zv\u011bdavosti jsem p\u00e1tral po tom, jak\u00fdmi prost\u0159edky r\u016fzn\u00e9 vl\u00e1dy a \u0159\u00ed\u0161e dok\u00e1zaly \u010dasto po cel\u00e1 stalet\u00ed p\u0159e\u017e\u00edvat bez toho, aby v\u011bnovaly pat\u0159i\u010dnou pozornost soci\u00e1ln\u00edm a ekonomick\u00fdm podm\u00ednk\u00e1m \u017eivota sv\u00fdch poddan\u00fdch, a do\u0161el jsem k p\u0159esv\u011bd\u010den\u00ed, \u017ee to bylo z velk\u00e9 \u010d\u00e1sti mo\u017en\u00e9 d\u00edky dokonale funguj\u00edc\u00edmu syst\u00e9mu zpravodajsk\u00fdch slu\u017eeb. V\u00fdznam spolehliv\u011b funguj\u00edc\u00edch zpravodajsk\u00fdch slu\u017eeb pro bezpe\u010dnost modern\u00edho st\u00e1tu obecn\u011b uzn\u00e1vaj\u00ed v\u0161ichni st\u00e1tn\u00edci hodn\u00ed toho jm\u00e9na, i kdy\u017e t\u0159eba ne v takov\u00e9 m\u00ed\u0159e, v jak\u00e9 by m\u011bli. N\u011bkdy sl\u00fdch\u00e1me n\u00e1zor, \u017ee zpravodajsk\u00e9 slu\u017eby se v\u0161emi sv\u00fdmi klady i z\u00e1pory jsou vyn\u00e1lezem modern\u00ed doby. Je pravdou, \u017ee od 18.st. p\u0159isp\u011bl ohromn\u00fd pokrok dosa\u017een\u00fd ve v\u011bd\u011b, technice a komunika\u010dn\u00edch technologi\u00edch z\u00e1sadn\u00ed m\u011brou ke zlep\u0161en\u00ed t\u011bchto slu\u017eeb a prohloubil jejich d\u016fle\u017eitost pro udr\u017een\u00ed vl\u00e1d u moci \u010di p\u0159\u00edmo pro samu existenci n\u011bkter\u00fdch st\u00e1t\u016f. Zpravodajsk\u00e9 slu\u017eby v\u0161ak nejsou modern\u00edm vyn\u00e1lezem. Jejich historie sah\u00e1 hluboko do minulosti, t\u00e9m\u011b\u0159 k po\u010d\u00e1tk\u016fm seskupov\u00e1n\u00ed lidsk\u00fdch bytost\u00ed do organizovan\u00fdch celk\u016f, je\u017e se vzd\u00e1len\u011b podobaly tomu, co dnes naz\u00fdv\u00e1me st\u00e1ty.\u201c<\/p><p>Nesporn\u00e9 indicie zpravodajsk\u00e9 \u010dinnosti jsou velmi star\u00e9. Obl\u00edbenou se stala jedna z nejstar\u0161\u00edch \u0161pion\u00e1\u017en\u00edch story, kdy se dva tajn\u00ed Jozuovi agenti-chodci v r\u00e1mci rekognoskace ter\u00e9nu okolo Jericha uch\u00fdlili do \u00fakrytu p\u0159edstavitelky \u0159emesla, kter\u00e9 jedin\u00e9 je pr\u00fd je\u0161t\u011b star\u0161\u00ed, ne\u017e zpravodajstv\u00ed. (Nebo je to jen proto, \u017ee v dob\u011b, od n\u00ed\u017e se datuje pov\u011bdomost o prostituci, se je\u0161t\u011b da\u0159ilo uchov\u00e1vat zpravodajskou \u010dinnost v utajen\u00ed?).<\/p><p>Zpravodajsk\u00e9 pozad\u00ed lze s m\u00edrnou nads\u00e1zkou p\u0159edpokl\u00e1dat t\u00e9\u017e u jednoho z prvn\u00edch p\u0159\u00edpad\u016f pou\u017eit\u00ed odstra\u0161uj\u00edc\u00ed s\u00edly prost\u0159edk\u016f hromadn\u00e9ho ni\u010den\u00ed. Bylo to ve 13. stol. ante a ve vzduchu viselo deset ran egyptsk\u00fdch, kdy\u017e se Moj\u017e\u00ed\u0161 h\u00e1dal s fara\u00f3nem. Je ov\u0161em mo\u017en\u00e9, \u017ee se cel\u00fd ten p\u0159\u00edb\u011bh odehr\u00e1l jinak &#8211; ale i tak by sem pat\u0159ilo, proto\u017ee psychologick\u00e1 v\u00e1lka pat\u0159\u00ed mezi zpravodajsk\u00e9 metody.<\/p><p>Existuj\u00ed dokonce n\u00e1zory, \u017ee star\u00e9 \u010dasy zpravodajstv\u00ed jsou pry\u010d, a\u0165 ji\u017e jde o politiku, diplomacii \u010di vojenstv\u00ed. Zpravodajc\u016fm jsou pak vyhrazena bezpe\u010dnostn\u00ed t\u00e9mata (organizovan\u00fd zlo\u010din a terorismus), ale p\u0159edev\u0161\u00edm oblast, p\u0159es n\u00ed\u017e se nyn\u00ed koncentrovan\u011b odehr\u00e1v\u00e1 v\u0161echno, co se d\u0159\u00edve \u0159e\u0161ilo politicky, diplomaticky \u010di vojensky. Tou oblast\u00ed je ekonomika a n\u00e1s zaj\u00edm\u00e1 v r\u00e1mci prastar\u00e9ho oboru, jemu\u017e m\u016f\u017eeme pracovn\u011b \u0159\u00edkat \u201ehospod\u00e1\u0159sk\u00e1 \u0161pion\u00e1\u017e\u201c. Ji\u017e byzantsk\u00fd c\u00edsa\u0159 Justini\u00e1n vyslal v 6. stolet\u00ed mnichy do \u010c\u00edny, aby z\u00edskali tajemstv\u00ed hedv\u00e1b\u00ed! Ekonomick\u00e9 informace, to te\u010f h\u00fdbe sv\u011btem.\u00a0<sup>1<\/sup><\/p><h3>ZM\u011aNY \u010cASOV\u00c9 A RE\u017dIMN\u00cd<\/h3><p>Soud\u00edm, \u017ee princip zpravodajstv\u00ed se v pr\u016fb\u011bhu d\u011bjin zm\u011bnil m\u00e1lo nebo v\u016fbec; z\u00e1le\u017e\u00ed ov\u0161em na definici. Vyp\u016fj\u010d\u00edm si velmi p\u011bknou a stru\u010dnou od sv\u00e9ho kolegy Petra Zemana: \u201eZpravodajstv\u00ed je z\u00e1m\u011brn\u00e1 lidsk\u00e1 \u010dinnost, kter\u00e1 spo\u010d\u00edv\u00e1 v utajovan\u00e9m z\u00edsk\u00e1v\u00e1n\u00ed a zpracov\u00e1v\u00e1n\u00ed ciz\u00edch utajen\u00fdch informac\u00ed.\u201c M\u016f\u017eeme ji doplnit r\u016fzn\u00fdmi parametry, co do v\u010dasnosti, objektivnosti, \u00faplnosti &#8211; to ale nen\u00ed p\u0159edm\u011btem p\u0159\u00edsp\u011bvku.<\/p><p>Zpravodajsk\u00e9 slu\u017eby tedy m\u016f\u017eeme v historick\u00e9 perspektiv\u011b vid\u011bt jako dobr\u00e9 \u010di \u0161patn\u00e9, je to v\u0161ak ryze technick\u00fd pohled. Jejich skute\u010dn\u00fd v\u00fdznam je z\u00e1sadn\u011b ovlivn\u011bn re\u017eimem, v jeho\u017e r\u00e1mci pracovaly. Klasickou ilustrac\u00ed takov\u00e9ho kontroverzn\u00edho hodnocen\u00ed je z popela T\u0159et\u00ed \u0159\u00ed\u0161e vzk\u0159\u00ed\u0161en\u00e1 Gehlenova organizace.<\/p><p>Sociolog Erich Fromm postuloval z\u00e1sadn\u00ed rozd\u00edl mezi jedn\u00e1n\u00edm heteronomn\u00edm a autonomn\u00edm, tedy motivac\u00ed vn\u011bj\u0161\u00ed a vnit\u0159n\u00ed. Totalitn\u00ed tajn\u00e9 slu\u017eby jsou \u0159\u00edzn\u00e9, proto\u017ee pracuj\u00ed pod siln\u00fdm tlakem. Je to ale motivace vn\u011bj\u0161\u00ed, proto efektivita jejich \u010dinnosti kol\u00eds\u00e1 v z\u00e1vislosti na mnoha okolnostech a vlivech. Oproti tomu jsou zaznamen\u00e1ny p\u0159\u00edpady dlouhodob\u011b velmi \u00fasp\u011b\u0161n\u00fdch zpravodajsk\u00fdch slu\u017eeb, zejm\u00e9na v obdob\u00edch, kdy se jejich p\u0159\u00edslu\u0161n\u00edci mohli vnit\u0159n\u011b zcela ztoto\u017enit s c\u00edli slu\u017eby i re\u017eimu.<\/p><p>Oproti tomu, co se podm\u00ednek ke zpravodajsk\u00e9 \u010dinnosti t\u00fd\u010de, m\u016f\u017ee se zd\u00e1t, \u017ee zlo m\u00e1 jakousi samoorganizuj\u00edc\u00ed vlastnost, kdy se podobn\u011b sm\u00fd\u0161lej\u00edc\u00ed \u0159ad\u00ed sami do \u0161ik\u016f. Na druhou stranu z\u0159ejm\u011b plat\u00ed, \u017ee \u010d\u00edm demokrati\u010dt\u011bj\u0161\u00ed, svobodomysln\u011bj\u0161\u00ed spole\u010dnost, t\u00edm nesnadn\u011bj\u0161\u00ed je v n\u00ed zorganizovat a dlouhodob\u011b udr\u017eet v chodu kvalitn\u00ed, hermetickou a akceschopnou zpravodajskou slu\u017ebu. Zkuste p\u0159ij\u00edt na svobodomyslnou, tak\u0159\u00edkaj\u00edc kav\u00e1renskou ch\u00e1sku s n\u011bjak\u00fdm befelem! Ale i k pokus\u016fm o pozitivn\u00ed motivaci m\u00e1 ka\u017ed\u00fd tis\u00edc r\u016fzn\u00fdch p\u0159ipom\u00ednek, n\u00e1mitek, oprav a dodatk\u016f. Snad by se a\u017e cht\u011blo \u0159\u00edci, \u017ee \u010d\u00edm demokrati\u010dt\u011bj\u0161\u00ed spole\u010dnost, t\u00edm hor\u0161\u00ed podm\u00ednky pro \u010dinnost tajn\u00fdch slu\u017eeb.<\/p><p>Z historick\u00e9 perspektivy pak lze zobecnit, \u017ee svobodn\u00e9 a demokratick\u00e9 st\u00e1ty, kter\u00e9 se stav\u011bly p\u0159ehl\u00ed\u017eiv\u011b ke sv\u011btu zpravodajsk\u00fdch slu\u017eeb a tajn\u00fdch informac\u00ed, byly vposledku pora\u017eeny spole\u010dnostmi, kter\u00e9 vyzn\u00e1valy opak. Je tedy mo\u017eno \u0159\u00edci, \u017ee zpravodajsk\u00e9 slu\u017eby jsou velmi pragmatick\u00e1 v\u011bc, jsou-li ve st\u00e1t\u011b na sv\u00e9m &#8211; a pr\u00e1v\u011b jen na sv\u00e9m &#8211; m\u00edst\u011b.<\/p><p>Pou\u010deny histori\u00ed, buduj\u00ed proto demokratick\u00e9 st\u00e1ty m\u00e9n\u011b \u010di v\u00edce usilovn\u011b a \u00fasp\u011b\u0161n\u011b sv\u00e9 tajn\u00e9 slu\u017eby, a\u010dkoliv jejich svobodomyslnost s t\u00edm nijak zvl\u00e1\u0161\u0165 nelad\u00ed. Proto jsou n\u00e1chylny sv\u011b\u0159it spr\u00e1vu t\u011bchto slu\u017eeb, p\u0159edstavuj\u00edc\u00edch pro n\u011b \u201enezbytn\u00e9 zlo\u201c, do rukou osob, kter\u00e9 jim od tohoto b\u0159emena podez\u0159ele r\u00e1dy pomohou. Pak m\u016f\u017ee nastat situace, kdy vrstva v\u00fdrobc\u016f a obchodn\u00edk\u016f si plat\u00ed sv\u00e9 bojovn\u00edky, ale nem\u00e1 \u010das se zab\u00fdvat jejich kontrolou. Vznik\u00e1 nebezpe\u010d\u00ed, \u017ee si vrstva bojovn\u00edk\u016f prost\u0159ednictv\u00edm obratn\u011b manipulovan\u00fdch informac\u00ed upevn\u00ed sv\u00e9 pozice a\u017e do t\u00e9 m\u00edry, \u017ee se z n\u00ed stane nezbytn\u00fd \u201esymbol st\u00e1tnosti\u201c. Pak se situace m\u016f\u017ee vyv\u00edjet dvoj\u00edm zp\u016fsobem.<\/p><p>Slu\u017eby si mohou podmanit st\u00e1tn\u00ed apar\u00e1t, aby dost\u00e1valy sv\u016fj p\u0159\u00edd\u011bl ze st\u00e1tn\u00edho rozpo\u010dtu na zaji\u0161t\u011bn\u00ed sv\u00e9ho klidn\u00e9ho \u017eivobyt\u00ed. Po cel\u00fd rok o nich nen\u00ed sly\u0161et, n\u011bco vyprodukuj\u00ed na podzim, aby se p\u0159ipomn\u011bly v obdob\u00ed schvalov\u00e1n\u00ed rozpo\u010dtu. P\u0159\u00edli\u0161 velk\u00e9 zpravodajsk\u00e9 aktivity nejsou v\u00edt\u00e1ny, proto\u017ee z\u00edskan\u00e9 informace mohou znamenat pro slu\u017eby potenci\u00e1ln\u00ed politick\u00e9 probl\u00e9my. Slu\u017eby se tv\u00e1\u0159\u00ed tajn\u011b, a to, \u017ee o nich nen\u00ed nikde moc sly\u0161et, m\u016f\u017ee b\u00fdt interpretov\u00e1no jako perfektn\u00ed pr\u00e1ce v utajen\u00ed.<\/p><p>Druh\u00e1 situace je hor\u0161\u00ed &#8211; to kdy\u017e se politici umanou a zpravodajci jim k tomu maj\u00ed poslou\u017eit, maj\u00ed od\u016fvodnit jejich z\u00e1m\u011bry, maj\u00ed poskytnout odporu v situaci, kterou si nevymysleli, a kter\u00e1 nen\u00ed re\u00e1ln\u00e1. Jinak \u0159e\u010deno: Prezident Bill Clinton s \u0159editelem CIA George Tenetem t\u00e9m\u011b\u0159 mluvit necht\u011bl, prezident George W. Bush zase a\u017e p\u0159\u00edli\u0161. Co je hor\u0161\u00ed?<sup>2<\/sup>\u00a0A zde se dost\u00e1v\u00e1me na p\u016fdu, dlouho le\u017e\u00edc\u00ed ladem, ne\u017e ji za\u010dal kreativn\u011b zpracov\u00e1vat dal\u0161\u00ed n\u00e1\u0161 kolega Juraj Kohutiar.<\/p><h3>ETIKA A THINK-TANKY<\/h3><p>Nebudu zde recenzovat, ani parafr\u00e1zovat Kohutiarovu pr\u00e1ci o zpravodajsk\u00e9 etice. Jen se p\u0159ipoj\u00edm k d\u016frazu, s n\u00edm\u017e volil t\u00e9ma, a budu sv\u011bd\u010dit pro jeho \u00fast\u0159edn\u00ed a z\u00e1sadn\u00ed d\u016fle\u017eitost. Politika a zpravodajstv\u00ed se vz\u00e1jemn\u011b ovliv\u0148uj\u00ed. Slo\u017een\u00ed politick\u00fdch seskupen\u00ed a org\u00e1n\u016f z\u00e1vis\u00ed p\u0159ev\u00e1\u017en\u011b na voli\u010d\u00edch, volebn\u00edm syst\u00e9mu a na volebn\u00ed nab\u00eddce. Struktura a charakter prostoru, v n\u011bm\u017e p\u016fsob\u00ed ona viditeln\u00e1 \u010d\u00e1st zpravodajsk\u00fdch slu\u017eeb, je v\u0161ak v\u011bc\u00ed vlastn\u00edch legislativn\u00edch a exekutivn\u00edch \u010dinnost\u00ed, je\u017e je mo\u017eno expertn\u011b ovlivnit. Jist\u011b\u017ee je pot\u0159eba zna\u010dn\u00e9ho optimismu k p\u0159ekon\u00e1n\u00ed p\u0159irozen\u00e9 skepse, pramen\u00edc\u00ed z mnoha negativn\u00edch zku\u0161enost\u00ed v t\u00e9to oblasti. \u010clov\u011bk by ale \u201enem\u011bl m\u00edt p\u0159\u00edli\u0161 utopick\u00e1 o\u010dek\u00e1v\u00e1n\u00ed, v\u017edy by v\u0161ak m\u011bl zast\u00e1vat utopick\u00e9 hodnoty a vize,\u201c jak p\u011bkn\u011b pov\u011bd\u011bl kdysi Bill Clinton.<\/p><p>Proto je dob\u0159e pos\u00edlit hlas Kohutiara, volaj\u00edc\u00edho na pou\u0161ti, a akcentovat etick\u00e1 hlediska v cel\u00e9 \u0161\u00ed\u0159i \u010dinnost\u00ed zpravodajsk\u00e9 bran\u017ee: od n\u00e1boru nov\u00fdch p\u0159\u00edslu\u0161n\u00edk\u016f a\u017e po objektivnost a \u00faplnost v\u00fdstupn\u00edch informac\u00ed. Jin\u00fdmi cestami n\u011bjak\u00e9ho zlep\u0161en\u00ed dos\u00e1hnout nelze. O\u010dek\u00e1v\u00e1n\u00ed struktur\u00e1ln\u00edch, organiza\u010dn\u00edch, metodick\u00fdch \u010di jin\u00fdch z\u00e1zrak\u016f je nepodlo\u017een\u00e9. Jedin\u00e9, co lze re\u00e1ln\u011b p\u0159ipravit, jsou vhodn\u00e9 podm\u00ednky, umo\u017e\u0148uj\u00edc\u00ed skute\u010dn\u011b kvalitn\u00ed zpravodajskou \u010dinnost a odsti\u0148uj\u00edc\u00ed do maxim\u00e1ln\u00ed mo\u017en\u00e9 m\u00edry politick\u00e9 vlivy.<\/p><h3>PRAKTICK\u00c9 D\u016eSLEDKY<\/h3><p>P\u016fsobnost zpravodajsk\u00fdch slu\u017eeb by m\u011bla b\u00fdt p\u0159eformulov\u00e1na, pr\u00e1v\u011b vzhledem k dostupnosti d\u0159\u00edve nedostupn\u00fdch informac\u00ed, aby zpravodajsk\u00e1 \u010dinnost odpov\u00eddala v\u00fd\u0161e uveden\u00e9 definici (\u201e&#8230;z\u00e1m\u011brn\u00e1 lidsk\u00e1 \u010dinnost, kter\u00e1 spo\u010d\u00edv\u00e1 v utajovan\u00e9m z\u00edsk\u00e1v\u00e1n\u00ed a zpracov\u00e1v\u00e1n\u00ed ciz\u00edch utajen\u00fdch informac\u00ed.\u201c). P\u016fsobnost slu\u017eeb by se m\u011bla odv\u00edjet charakteru skute\u010dn\u00fdch hrozeb, na n\u011b\u017e nelze reagovat vhodn\u011bji, ne\u017e zpravodajsk\u00fdmi operacemi. M\u011bn\u00edc\u00edm se zpravodajsk\u00fdm \u00fakol\u016fm by m\u011bla b\u00fdt p\u0159izp\u016fsobena struktura zpravodajsk\u00fdch organizac\u00ed tak, aby umo\u017e\u0148ovala operace charakteru v\u00fdrazn\u011b bodov\u00e9ho a hloubkov\u00e9ho.<\/p><p>Sou\u010dasn\u011b by m\u011bly b\u00fdt posilov\u00e1ny analytick\u00e9 kapacity pro p\u0159esn\u00e9 zac\u00edlen\u00ed operac\u00ed a co nejvy\u0161\u0161\u00ed v\u00fdt\u011b\u017enost z\u00edskan\u00fdch informac\u00ed. Vn\u011bj\u0161\u00ed slu\u017eba by m\u011bla b\u00fdt jedna, p\u0159edev\u0161\u00edm kv\u016fli jedin\u00e9mu analytick\u00e9mu pracovi\u0161ti, kde by se vz\u00e1jemn\u011b konfrontovaly vojensk\u00e9 poznatky s politick\u00fdmi, ekonomick\u00fdmi a bezpe\u010dnostn\u00edmi. Slu\u017ebu by pak opustily informace maxim\u00e1ln\u011b zpracovan\u00e9, oponovan\u00e9 a pouze v p\u0159\u00edpad\u011b, kdy by touto konfrontac\u00ed byly potvrzeny, nebo alespo\u0148 nebyly vyvr\u00e1ceny. Sou\u010dasn\u011b by m\u011bla b\u00fdt t\u00e9m\u011b\u0159 na v\u0161ech rezortech vybudov\u00e1na \u201esty\u010dn\u00e1\u201c analytick\u00e1 odd\u011blen\u00ed.<\/p><p>Systematicky by m\u011bly b\u00fdt budov\u00e1ny kontakty s akademick\u00fdm prost\u0159ed\u00edm, jako je tento, a vytv\u00e1\u0159en\u00ed kvalitn\u00edch think-tank\u016f, u\u017e jenom proto, \u017ee v akademick\u00e9m prost\u0159ed\u00ed se primitivn\u00edmu politika\u0159en\u00ed da\u0159\u00ed v\u00fdrazn\u011b m\u00e9n\u011b.<\/p><h3>KONTROLA<\/h3><p>Nejd\u016fle\u017eit\u011bj\u0161\u00ed kontrola je exekutivn\u00ed, a\u0165 se poslanci zlob\u00ed \u010di nikoliv. Exekutiva si u\u0161et\u0159\u00ed mnoho sil, kdy\u017e bude v d\u016fle\u017eit\u00fdch person\u00e1ln\u00edch rozhodnut\u00edch postupovat konsenzu\u00e1ln\u011b s opozic\u00ed. Tak se m\u016f\u017ee vyvarovat mnoha exces\u016fm, je\u017e by vzbudily opr\u00e1vn\u011bn\u00e9 v\u00fdtky a pozornost opozice i m\u00e9di\u00ed.<\/p><p>Parlamentn\u00ed kontroln\u00ed org\u00e1ny by m\u011bly b\u00fdt dva, bez ohledu na to, \u017ee z \u00fastavn\u00edho hlediska (t\u0159eba v \u010cech\u00e1ch) exekutiva nepodl\u00e9h\u00e1 kontrole horn\u00ed komory (Sen\u00e1tu). P\u0159ed deseti lety m\u011bl \u010desk\u00fd ministr bez portfeje Pavel Bratinka p\u0159ipraven n\u00e1vrh z\u00e1kona o kontrole zpravodajsk\u00fdch slu\u017eeb, kter\u00fd po\u010d\u00edtal se sn\u011bmovn\u00ed kontrolou efektivnosti (rozpo\u010det versus souhrnn\u00e1 bezpe\u010dnostn\u00ed informace) a sen\u00e1tn\u00ed kontrolou tzv. lidskopr\u00e1vn\u00ed. Sn\u011bmovna by kontrolovala v\u00edcem\u00e9n\u011b plo\u0161n\u011b, Sen\u00e1t zase bodov\u011b, ale do hloubky. Tak bylo zva\u017eov\u00e1no u\u010dinit slu\u017eby zevrubn\u011b zkontrolovateln\u00fdmi, ov\u0161em nikoliv z jednoho m\u00edsta &#8211; a p\u0159itom je \u201eneukontrolovat k smrti\u201c.<\/p><p>Ze zahrani\u010dn\u00edch zku\u0161enost\u00ed bylo doporu\u010deno ne\u010dinit rozd\u00edly mezi kontrolou \u017eiv\u00fdch a archivovan\u00fdch operac\u00ed, ale ponechat v\u017edy na odpov\u011bdn\u00e9m \u010dlenovi vl\u00e1dy, aby rozhodl podle okolnost\u00ed. Politicky velmi korektn\u011b p\u016fsob\u00ed sezn\u00e1men\u00ed kontroln\u00edho org\u00e1nu s n\u011bjakou \u017eivou akc\u00ed. Pak lze zase v jin\u00fdch p\u0159\u00edpadech kontroln\u00edmu org\u00e1nu p\u0159\u00edstup do \u017eiv\u00e9 z\u00e1le\u017eitosti odep\u0159\u00edt, s t\u00edm, \u017ee p\u0159\u00edpadnou spornou v\u011bc pro\u0161et\u0159\u00ed p\u0159\u00edslu\u0161n\u00fd \u010dlen vl\u00e1dy na svoji politickou zodpov\u011bdnost.<\/p><h3>Z\u00c1V\u011aR<\/h3><p>Zpravodajsk\u00e9 slu\u017eby maj\u00ed sv\u00e9 m\u00edsto v demokratick\u00e9 spole\u010dnosti, proto\u017ee jejich \u010dinnost je nezastupiteln\u00e1 a st\u00e1le pot\u0159ebn\u00e1. Bylo by v\u0161ak \u017e\u00e1douc\u00ed, aby i ony samy p\u0159evzaly &#8211; vzhledem ke sv\u00e9mu v\u00fdjime\u010dn\u00e9mu postaven\u00ed &#8211; i svoji \u010d\u00e1st odpov\u011bdnosti za stav sv\u011bta. Toho v\u0161ak nen\u00ed mo\u017eno dos\u00e1hnout l\u00e9pe, ne\u017e sv\u00fdm nov\u00fdm sebepochopen\u00edm, zahrnuj\u00edc\u00edm i historick\u00e9 zku\u0161enosti a etick\u00e9 aspekty. To p\u0159edpokl\u00e1d\u00e1 interdisciplin\u00e1rn\u00ed p\u0159\u00edstup, k n\u011bmu\u017e podle m\u00e9ho m\u00edn\u011bn\u00ed m\u016f\u017ee p\u0159isp\u011bt i tato konference.<\/p><hr \/><p><sup>1<\/sup>Chystan\u00fd americk\u00fd radar v Brdech lze zkoumat i z tohoto pohledu, proto\u017ee z hlediska ochrany proti sou\u010dasn\u00e9 podob\u011b terorismu ned\u00e1vaj\u00ed stacion\u00e1rn\u00ed vojensk\u00e9 instalace valn\u00fd smysl. Teroristick\u00e9 \u00fatoky v Bombaji, je\u017e se odehr\u00e1ly t\u011bsn\u011b po kon\u00e1n\u00ed t\u00e9to konference, d\u00e1vaj\u00ed za pravdu kritik\u016fm masivn\u00edho vojensk\u00e9ho zbrojen\u00ed jako neadekv\u00e1tn\u00ed reakce na zcela odli\u0161n\u00fd charakter teroristick\u00fdch \u00fatok\u016f. K tomu osobn\u00ed zku\u0161enost: P\u0159ed dv\u011bma roky jsem byl p\u0159es t\u00fdden v Haif\u011b, na n\u00ed\u017e dopadaly Nasrall\u00e1hovy ka\u0165u\u0161e. Izraelsk\u00e1 obrana byla p\u0159ipraven\u00e1 na lecjak\u00fd sofistikovan\u00fd \u00fatok, ale na tento p\u0159edpotopn\u00ed atak ne. Proto si arm\u00e1da musela z\u0159\u00eddit primitivn\u00ed pozorovatelnu na nejvy\u0161\u0161\u00edm mo\u017en\u00e9m m\u00edst\u011b Haify (na vrcholu hory Karmel, v nejvy\u0161\u0161\u00edm pat\u0159e budovy Technionu, izraelsk\u00e9ho technologick\u00e9ho institutu), odkud voj\u00e1ci s dalekohledy nep\u0159etr\u017eit\u011b pozorovali jiholibanonsk\u00e9 pahorky. Jakmile odtamtud vzl\u00e9tly \u010dern\u00e9 te\u010dky, okam\u017eit\u011b ru\u010dn\u011b spou\u0161t\u011bli sir\u00e9ny. Haif\u0161t\u00ed ob\u010dan\u00e9 pak m\u011bli pouh\u00fdch 90 vte\u0159in na to, aby se ukryli. &#8211; Proto ta skepse ohledn\u011b pochybn\u00e9ho sm\u011bru vyzbrojov\u00e1n\u00ed t\u011b\u017ekood\u011bnc\u016f proti lehkonoh\u00fdm teroristick\u00fdm \u00fatok\u016fm.<\/p><p><sup>2<\/sup>T\u011bsn\u011b po kon\u00e1n\u00ed t\u00e9to konference se prezident G. W. Bush nechal sly\u0161et, v z\u00e1le\u017eitosti zbran\u00ed hromadn\u00e9ho ni\u010den\u00ed coby z\u00e1minky pro v\u00e1lku v Ir\u00e1ku \u201enem\u011bl tolik v\u011b\u0159it zpravodajsk\u00fdm slu\u017eb\u00e1m\u201c.<\/p><\/div><p><a href=\"https:\/\/absd.sk\/wp-content\/uploads\/2024\/07\/02_Postavenie-spravodajskych-sluzieb-v-demokratickej-spolocnosti.pdf\">Cel\u00fd \u010dl\u00e1nok<\/a><\/p>\t\t\t\t\t\t\t\t<\/div>\n\t\t\t\t<\/div>\n\t\t\t\t\t<\/div>\n\t\t<\/div>\n\t\t\t\t\t<\/div>\n\t\t<\/section>\n\t\t\t\t<\/div>\n\t\t","protected":false},"excerpt":{"rendered":"","protected":false},"author":1,"featured_media":4331,"comment_status":"closed","ping_status":"open","sticky":false,"template":"","format":"standard","meta":{"footnotes":""},"categories":[60,59,57],"tags":[],"class_list":["post-4509","post","type-post","status-publish","format-standard","has-post-thumbnail","hentry","category-clanky","category-sympozia","category-vyber"],"_links":{"self":[{"href":"https:\/\/absd.sk\/en\/wp-json\/wp\/v2\/posts\/4509","targetHints":{"allow":["GET"]}}],"collection":[{"href":"https:\/\/absd.sk\/en\/wp-json\/wp\/v2\/posts"}],"about":[{"href":"https:\/\/absd.sk\/en\/wp-json\/wp\/v2\/types\/post"}],"author":[{"embeddable":true,"href":"https:\/\/absd.sk\/en\/wp-json\/wp\/v2\/users\/1"}],"replies":[{"embeddable":true,"href":"https:\/\/absd.sk\/en\/wp-json\/wp\/v2\/comments?post=4509"}],"version-history":[{"count":10,"href":"https:\/\/absd.sk\/en\/wp-json\/wp\/v2\/posts\/4509\/revisions"}],"predecessor-version":[{"id":5099,"href":"https:\/\/absd.sk\/en\/wp-json\/wp\/v2\/posts\/4509\/revisions\/5099"}],"wp:featuredmedia":[{"embeddable":true,"href":"https:\/\/absd.sk\/en\/wp-json\/wp\/v2\/media\/4331"}],"wp:attachment":[{"href":"https:\/\/absd.sk\/en\/wp-json\/wp\/v2\/media?parent=4509"}],"wp:term":[{"taxonomy":"category","embeddable":true,"href":"https:\/\/absd.sk\/en\/wp-json\/wp\/v2\/categories?post=4509"},{"taxonomy":"post_tag","embeddable":true,"href":"https:\/\/absd.sk\/en\/wp-json\/wp\/v2\/tags?post=4509"}],"curies":[{"name":"wp","href":"https:\/\/api.w.org\/{rel}","templated":true}]}}